{"id":2163,"date":"2023-04-29T16:30:00","date_gmt":"2023-04-29T22:30:00","guid":{"rendered":"https:\/\/alcierrenoticias.com\/?p=2163"},"modified":"2023-04-29T16:30:00","modified_gmt":"2023-04-29T22:30:00","slug":"emotivas-palabras-de-alma-limas-de-valenciano-en-el-baile-blanco-y-negro","status":"publish","type":"post","link":"https:\/\/alcierrenoticias.com\/index.php\/2023\/04\/29\/emotivas-palabras-de-alma-limas-de-valenciano-en-el-baile-blanco-y-negro\/","title":{"rendered":"Emotivas palabras de Alma Limas de Valenciano en el baile Blanco y Negro."},"content":{"rendered":"<p>Como parte de las actividades dise\u00f1adas para el Festival del 90 Aniversario de la Fundaci\u00f3n de Delicias, se llev\u00f3 a cabo el baile de gala Blanco y Negro, en las instalaciones del Country Club Campestre.<\/p>\n<p>&nbsp;<\/p>\n<p>&#8220;Esta es una noche especial por 3 motivos&#8221; palabras con las que la Presidenta del DIF Alma Limas de Valenciano, inici\u00f3 su participaci\u00f3n y comenz\u00f3 a explicar cada uno de ellos, luego de resaltar la unidad que caracteriza a la sociedad y de agradecer la presencia de quienes asistieron.<\/p>\n<p><img data-recalc-dims=\"1\" fetchpriority=\"high\" decoding=\"async\" class=\"alignnone  wp-image-2165\" src=\"https:\/\/i0.wp.com\/alcierrenoticias.com\/wp-content\/uploads\/2023\/04\/WhatsApp-Image-2023-04-29-at-8.30.58-AM-1.jpeg?resize=750%2C420&#038;ssl=1\" alt=\"\" width=\"750\" height=\"420\" srcset=\"https:\/\/i0.wp.com\/alcierrenoticias.com\/wp-content\/uploads\/2023\/04\/WhatsApp-Image-2023-04-29-at-8.30.58-AM-1.jpeg?resize=300%2C168&amp;ssl=1 300w, https:\/\/i0.wp.com\/alcierrenoticias.com\/wp-content\/uploads\/2023\/04\/WhatsApp-Image-2023-04-29-at-8.30.58-AM-1.jpeg?resize=768%2C431&amp;ssl=1 768w, https:\/\/i0.wp.com\/alcierrenoticias.com\/wp-content\/uploads\/2023\/04\/WhatsApp-Image-2023-04-29-at-8.30.58-AM-1.jpeg?w=1024&amp;ssl=1 1024w\" sizes=\"(max-width: 750px) 100vw, 750px\" \/><\/p>\n<p>En ese orden, Limas de Valenciamo, mencion\u00f3 que este evento engalana el festival del 90 Aniversario de la Ciudad, pujante, hermosa y grande gracias al coraz\u00f3n de su gente.<\/p>\n<p>&nbsp;<\/p>\n<p>Asimismo, resalt\u00f3 que lo recaudado ser\u00e1 destinado para que las pr\u00f3ximas mam\u00e1s puedan disfrutar del ultrasonido de su beb\u00e9 y que esto genere m\u00e1s apego.<\/p>\n<p>&nbsp;<\/p>\n<p>Finalmente, y llena de emoci\u00f3n, la Presidenta del DIF, los invit\u00f3 a que celebraran el cumplea\u00f1os de Delicias, la nobleza de su gente y la maravillosa coincidencia en tiempo y espacio, motivo m\u00e1s a celebrar, explic\u00f3.<\/p>\n<p><img data-recalc-dims=\"1\" decoding=\"async\" class=\"alignnone  wp-image-2166\" src=\"https:\/\/i0.wp.com\/alcierrenoticias.com\/wp-content\/uploads\/2023\/04\/WhatsApp-Image-2023-04-29-at-8.30.59-AM.jpeg?resize=750%2C500&#038;ssl=1\" alt=\"\" width=\"750\" height=\"500\" srcset=\"https:\/\/i0.wp.com\/alcierrenoticias.com\/wp-content\/uploads\/2023\/04\/WhatsApp-Image-2023-04-29-at-8.30.59-AM.jpeg?resize=300%2C200&amp;ssl=1 300w, https:\/\/i0.wp.com\/alcierrenoticias.com\/wp-content\/uploads\/2023\/04\/WhatsApp-Image-2023-04-29-at-8.30.59-AM.jpeg?resize=768%2C512&amp;ssl=1 768w, https:\/\/i0.wp.com\/alcierrenoticias.com\/wp-content\/uploads\/2023\/04\/WhatsApp-Image-2023-04-29-at-8.30.59-AM.jpeg?w=1024&amp;ssl=1 1024w\" sizes=\"(max-width: 750px) 100vw, 750px\" \/><\/p>\n","protected":false},"excerpt":{"rendered":"<p>Como parte de las actividades dise\u00f1adas para el Festival del 90 Aniversario de la Fundaci\u00f3n de Delicias, se llev\u00f3 a cabo el baile de gala Blanco y Negro, en las instalaciones del Country Club Campestre. &nbsp; &#8220;Esta es una noche especial por 3 motivos&#8221; palabras con las que la Presidenta del DIF Alma Limas de Valenciano, inici\u00f3 su participaci\u00f3n y comenz\u00f3 a explicar cada uno de ellos, luego de resaltar la unidad que caracteriza a la sociedad y de agradecer la presencia de quienes asistieron. En ese orden, Limas de Valenciamo, mencion\u00f3 que este evento engalana el festival del 90 Aniversario de la Ciudad, pujante, hermosa y grande gracias al coraz\u00f3n de su gente. &nbsp; Asimismo, resalt\u00f3 que lo recaudado ser\u00e1 destinado para que las pr\u00f3ximas mam\u00e1s puedan disfrutar del ultrasonido de su beb\u00e9 y que esto genere m\u00e1s apego. &nbsp; Finalmente, y llena de emoci\u00f3n, la Presidenta del DIF, los invit\u00f3 a que celebraran el cumplea\u00f1os de Delicias, la nobleza de su gente y la maravillosa coincidencia en tiempo y espacio, motivo m\u00e1s a celebrar, explic\u00f3.<\/p>\n","protected":false},"author":2,"featured_media":2164,"comment_status":"open","ping_status":"open","sticky":false,"template":"","format":"standard","meta":{"_monsterinsights_skip_tracking":false,"_monsterinsights_sitenote_active":false,"_monsterinsights_sitenote_note":"","_monsterinsights_sitenote_category":0,"advanced_seo_description":"","jetpack_seo_html_title":"","jetpack_seo_noindex":false,"_jetpack_memberships_contains_paid_content":false,"footnotes":"","jetpack_publicize_message":"","jetpack_publicize_feature_enabled":true,"jetpack_social_post_already_shared":true,"jetpack_social_options":{"image_generator_settings":{"template":"highway","enabled":false},"version":2}},"categories":[135,7,11],"tags":[],"class_list":["post-2163","post","type-post","status-publish","format-standard","has-post-thumbnail","hentry","category-lo-mas-leido","category-local","category-principal"],"jetpack_publicize_connections":[],"jetpack_sharing_enabled":true,"jetpack_featured_media_url":"https:\/\/i0.wp.com\/alcierrenoticias.com\/wp-content\/uploads\/2023\/04\/WhatsApp-Image-2023-04-29-at-8.30.58-AM.jpeg?fit=1024%2C640&ssl=1","amp_enabled":true,"_links":{"self":[{"href":"https:\/\/alcierrenoticias.com\/index.php\/wp-json\/wp\/v2\/posts\/2163","targetHints":{"allow":["GET"]}}],"collection":[{"href":"https:\/\/alcierrenoticias.com\/index.php\/wp-json\/wp\/v2\/posts"}],"about":[{"href":"https:\/\/alcierrenoticias.com\/index.php\/wp-json\/wp\/v2\/types\/post"}],"author":[{"embeddable":true,"href":"https:\/\/alcierrenoticias.com\/index.php\/wp-json\/wp\/v2\/users\/2"}],"replies":[{"embeddable":true,"href":"https:\/\/alcierrenoticias.com\/index.php\/wp-json\/wp\/v2\/comments?post=2163"}],"version-history":[{"count":1,"href":"https:\/\/alcierrenoticias.com\/index.php\/wp-json\/wp\/v2\/posts\/2163\/revisions"}],"predecessor-version":[{"id":2167,"href":"https:\/\/alcierrenoticias.com\/index.php\/wp-json\/wp\/v2\/posts\/2163\/revisions\/2167"}],"wp:featuredmedia":[{"embeddable":true,"href":"https:\/\/alcierrenoticias.com\/index.php\/wp-json\/wp\/v2\/media\/2164"}],"wp:attachment":[{"href":"https:\/\/alcierrenoticias.com\/index.php\/wp-json\/wp\/v2\/media?parent=2163"}],"wp:term":[{"taxonomy":"category","embeddable":true,"href":"https:\/\/alcierrenoticias.com\/index.php\/wp-json\/wp\/v2\/categories?post=2163"},{"taxonomy":"post_tag","embeddable":true,"href":"https:\/\/alcierrenoticias.com\/index.php\/wp-json\/wp\/v2\/tags?post=2163"}],"curies":[{"name":"wp","href":"https:\/\/api.w.org\/{rel}","templated":true}]}}