{"id":21557,"date":"2026-04-04T16:10:51","date_gmt":"2026-04-04T22:10:51","guid":{"rendered":"https:\/\/alcierrenoticias.com\/?p=21557"},"modified":"2026-04-06T17:58:29","modified_gmt":"2026-04-06T23:58:29","slug":"exito-total-carrera-de-colores-2026-en-camargo-cientos-de-familias-se-sumaron-en-apoyo-a-la-concienciacion-sobre-el-autismo","status":"publish","type":"post","link":"https:\/\/alcierrenoticias.com\/index.php\/2026\/04\/04\/exito-total-carrera-de-colores-2026-en-camargo-cientos-de-familias-se-sumaron-en-apoyo-a-la-concienciacion-sobre-el-autismo\/","title":{"rendered":"\u00c9xito total Carrera de Colores 2026 en Camargo, cientos de familias se sumaron en apoyo a la concienciaci\u00f3n sobre el autismo."},"content":{"rendered":"<p>La Carrera de Colores 2026 super\u00f3 todas las expectativas al reunir a m\u00e1s de 1,500 participantes en una jornada llena de alegr\u00eda, inclusi\u00f3n y solidaridad, en apoyo a la concientizaci\u00f3n sobre el autismo.<\/p>\n<p>Desde temprana hora, miles de familias se sumaron con entusiasmo a esta actividad, demostrando que cuando se trata de causas importantes, la participaci\u00f3n y el compromiso se hacen presentes. El recorrido se desarroll\u00f3 en un ambiente familiar, lleno de energ\u00eda y color, donde ni\u00f1as, ni\u00f1os, j\u00f3venes y adultos disfrutaron cada momento.<\/p>\n<p>La meta se alcanz\u00f3 en la Plaza Ju\u00e1rez, donde la celebraci\u00f3n continu\u00f3 con gran ambiente. Muchas familias permanecieron en el lugar para convivir y disfrutar de la m\u00e1quina de espuma y la m\u00fasica del DJ, convirtiendo el cierre en una verdadera fiesta.<\/p>\n<p>Lo recaudado durante esta actividad ser\u00e1 destinado al CRIIA, fortaleciendo as\u00ed las acciones y servicios que se brindan en favor de personas con autismo.<\/p>\n<p>Este tipo de eventos no solo promueven la actividad f\u00edsica, tambi\u00e9n permiten informar y generar conciencia sobre el autismo, fortaleciendo los lazos sociales y fomentando la inclusi\u00f3n.<\/p>\n<p>La gran respuesta registrada refleja el inter\u00e9s de seguir impulsando acciones que sumen, que generen espacios de convivencia y que dejen huella positiva en la vida de las familias.<\/p>\n","protected":false},"excerpt":{"rendered":"<p>La Carrera de Colores 2026 super\u00f3 todas las expectativas al reunir a m\u00e1s de 1,500 participantes en una jornada llena de alegr\u00eda, inclusi\u00f3n y solidaridad, en apoyo a la concientizaci\u00f3n sobre el autismo. Desde temprana hora, miles de familias se sumaron con entusiasmo a esta actividad, demostrando que cuando se trata de causas importantes, la participaci\u00f3n y el compromiso se hacen presentes. El recorrido se desarroll\u00f3 en un ambiente familiar, lleno de energ\u00eda y color, donde ni\u00f1as, ni\u00f1os, j\u00f3venes y adultos disfrutaron cada momento. La meta se alcanz\u00f3 en la Plaza Ju\u00e1rez, donde la celebraci\u00f3n continu\u00f3 con gran ambiente. Muchas familias permanecieron en el lugar para convivir y disfrutar de la m\u00e1quina de espuma y la m\u00fasica del DJ, convirtiendo el cierre en una verdadera fiesta. Lo recaudado durante esta actividad ser\u00e1 destinado al CRIIA, fortaleciendo as\u00ed las acciones y servicios que se brindan en favor de personas con autismo. Este tipo de eventos no solo promueven la actividad f\u00edsica, tambi\u00e9n permiten informar y generar conciencia sobre el autismo, fortaleciendo los lazos sociales y fomentando la inclusi\u00f3n. La gran respuesta registrada refleja el inter\u00e9s de seguir impulsando acciones que sumen, que generen espacios de convivencia y que dejen huella positiva en la vida de las familias.<\/p>\n","protected":false},"author":2,"featured_media":21558,"comment_status":"open","ping_status":"open","sticky":false,"template":"","format":"standard","meta":{"_monsterinsights_skip_tracking":false,"_monsterinsights_sitenote_active":false,"_monsterinsights_sitenote_note":"","_monsterinsights_sitenote_category":0,"advanced_seo_description":"","jetpack_seo_html_title":"","jetpack_seo_noindex":false,"_jetpack_memberships_contains_paid_content":false,"footnotes":"","jetpack_publicize_message":"","jetpack_publicize_feature_enabled":true,"jetpack_social_post_already_shared":true,"jetpack_social_options":{"image_generator_settings":{"template":"highway","enabled":false},"version":2}},"categories":[8,135],"tags":[],"class_list":["post-21557","post","type-post","status-publish","format-standard","has-post-thumbnail","hentry","category-estado","category-lo-mas-leido"],"jetpack_publicize_connections":[],"jetpack_sharing_enabled":true,"jetpack_featured_media_url":"https:\/\/i0.wp.com\/alcierrenoticias.com\/wp-content\/uploads\/2026\/04\/WhatsApp-Image-2026-04-04-at-3.59.54-PM.jpeg?fit=1600%2C1066&ssl=1","amp_enabled":true,"_links":{"self":[{"href":"https:\/\/alcierrenoticias.com\/index.php\/wp-json\/wp\/v2\/posts\/21557","targetHints":{"allow":["GET"]}}],"collection":[{"href":"https:\/\/alcierrenoticias.com\/index.php\/wp-json\/wp\/v2\/posts"}],"about":[{"href":"https:\/\/alcierrenoticias.com\/index.php\/wp-json\/wp\/v2\/types\/post"}],"author":[{"embeddable":true,"href":"https:\/\/alcierrenoticias.com\/index.php\/wp-json\/wp\/v2\/users\/2"}],"replies":[{"embeddable":true,"href":"https:\/\/alcierrenoticias.com\/index.php\/wp-json\/wp\/v2\/comments?post=21557"}],"version-history":[{"count":2,"href":"https:\/\/alcierrenoticias.com\/index.php\/wp-json\/wp\/v2\/posts\/21557\/revisions"}],"predecessor-version":[{"id":21560,"href":"https:\/\/alcierrenoticias.com\/index.php\/wp-json\/wp\/v2\/posts\/21557\/revisions\/21560"}],"wp:featuredmedia":[{"embeddable":true,"href":"https:\/\/alcierrenoticias.com\/index.php\/wp-json\/wp\/v2\/media\/21558"}],"wp:attachment":[{"href":"https:\/\/alcierrenoticias.com\/index.php\/wp-json\/wp\/v2\/media?parent=21557"}],"wp:term":[{"taxonomy":"category","embeddable":true,"href":"https:\/\/alcierrenoticias.com\/index.php\/wp-json\/wp\/v2\/categories?post=21557"},{"taxonomy":"post_tag","embeddable":true,"href":"https:\/\/alcierrenoticias.com\/index.php\/wp-json\/wp\/v2\/tags?post=21557"}],"curies":[{"name":"wp","href":"https:\/\/api.w.org\/{rel}","templated":true}]}}