{"id":2123,"date":"2023-04-27T19:41:10","date_gmt":"2023-04-28T01:41:10","guid":{"rendered":"https:\/\/alcierrenoticias.com\/?p=2123"},"modified":"2023-04-27T19:48:56","modified_gmt":"2023-04-28T01:48:56","slug":"fuerza-regida-y-conjunto-primavera-lideran-la-feria-de-meoqui","status":"publish","type":"post","link":"https:\/\/alcierrenoticias.com\/index.php\/2023\/04\/27\/fuerza-regida-y-conjunto-primavera-lideran-la-feria-de-meoqui\/","title":{"rendered":"Fuerza Regida y Conjunto Primavera lideran la Feria de Meoqui."},"content":{"rendered":"<p><em>Miriam Soto present\u00f3 la cartelera de la Feria San Pedro y San Pablo 2023<\/em><\/p>\n<p>&nbsp;<\/p>\n<p>\u201cTenemos una cartelera de lujo, para todos los gustos y este a\u00f1o es muy importante para nosotros porque conmemoramos los 314 a\u00f1os de la fundaci\u00f3n como pueblo llamado San Pablo\u00a0 por nuestro fundado Fray Andr\u00e9s Ram\u00edrez en 1709, hoy ciudad Meoqui\u201d, expres\u00f3 la alcaldesa Miriam Soto al presentar la cartelera de la Feria San Pedro y San Pablo 2023, encabezada por el Grupo Fuerza Regida y Conjunto Primavera.<\/p>\n<p>En rueda de prensa llevada a cabo en Sala de Cabildo de Presidencia Municipal, medios de comunicaci\u00f3n y autoridades municipales se dieron cita para este anunci\u00f3, donde la alcaldesa resalt\u00f3 la variedad de los artistas dentro de la cartelera, y precis\u00f3: \u201chemos buscado que haya un espect\u00e1culo tato como para chicos y grandes, con artistas locales, nacionales e internacionales\u201d.<\/p>\n<p>A su vez, la arquitecta Miriam Soto destac\u00f3 que estar\u00e1n de fiesta en el municipio con la Feria de San Pedro y San Pablo 2023, celebrando los m\u00e1s de 300 a\u00f1os de historia, complementando la cartelera con las atracciones de los juegos mec\u00e1nicos y una gastronom\u00eda diversa, y dijo: \u201cqueremos que las familias disfruten, nuestro objetivo es claro, que sean momentos de sana convivencia, esparcimiento y de celebrar nuestras tradiciones, recibiendo con mucha hospitalidad a quienes nos visitan de otros lugares\u201d.<\/p>\n<p>La Feria San Pedro y San Pablo 2023 iniciar\u00e1 desde el 23 de junio con el espect\u00e1culo de La Sonora de Sonoras, el 24 llegar\u00e1 Conjunto Primavera con su cl\u00e1sico show, el 25 se presentar\u00e1n Los Rehenes, el 26 y 27 ser\u00e1 promoci\u00f3n entrada 2\u00d71,\u00a0 el 28 se divertir\u00e1n con el show de comedia de Miguel Aguirre, 29 Tropical\u00edsimo Apache pondr\u00e1 a bailar a todo Meoqui, el 30 Fuerza Regida con sus canciones virales, el 1 de julio Lorenzo de Montecarlo y se culminar\u00e1 el 2 de julio con la obra infantil de Mario Bros.<\/p>\n<p>El boleto de entrada a la Feria ser\u00e1 de 70 pesos para los adultos, a excepci\u00f3n del d\u00eda de Fuerza Regida que tendr\u00e1 un costo de preventa de 350 pesos y Conjunto Primavera con un costo de 150. Para los ni\u00f1os ser\u00e1 entrada de 40 pesos todos los d\u00edas y los puntos de venta son: DIF Municipal, Pizzer\u00eda la Sierra, Az\u00facar y Sal, Olayos Bar, Chalios y Six Ur\u00edas,as\u00ed.lo inform\u00f3 la.empresa Espect\u00e1culos Art\u00edsticos del Norte.<\/p>\n<p>En el evento tambi\u00e9n estuvieron en el Pres\u00eddium Jorge Vel\u00e1zquez, Secretario Municipal, Kareli Rocha, Tesorera Municipal, Salvador L\u00f3pez, jefe de Comunicaci\u00f3n y Relaciones P\u00fablicas de Espect\u00e1culos del Norte y Ad\u00e1n Natividad, manager operativo.<\/p>\n<p><img data-recalc-dims=\"1\" fetchpriority=\"high\" decoding=\"async\" class=\"alignnone wp-image-2125\" src=\"https:\/\/i0.wp.com\/alcierrenoticias.com\/wp-content\/uploads\/2023\/04\/WhatsApp-Image-2023-04-27-at-1.54.17-PM.jpeg?resize=750%2C970&#038;ssl=1\" alt=\"\" width=\"750\" height=\"970\" srcset=\"https:\/\/i0.wp.com\/alcierrenoticias.com\/wp-content\/uploads\/2023\/04\/WhatsApp-Image-2023-04-27-at-1.54.17-PM.jpeg?resize=232%2C300&amp;ssl=1 232w, https:\/\/i0.wp.com\/alcierrenoticias.com\/wp-content\/uploads\/2023\/04\/WhatsApp-Image-2023-04-27-at-1.54.17-PM.jpeg?resize=768%2C995&amp;ssl=1 768w, https:\/\/i0.wp.com\/alcierrenoticias.com\/wp-content\/uploads\/2023\/04\/WhatsApp-Image-2023-04-27-at-1.54.17-PM.jpeg?resize=1186%2C1536&amp;ssl=1 1186w, https:\/\/i0.wp.com\/alcierrenoticias.com\/wp-content\/uploads\/2023\/04\/WhatsApp-Image-2023-04-27-at-1.54.17-PM.jpeg?w=1235&amp;ssl=1 1235w\" sizes=\"(max-width: 750px) 100vw, 750px\" \/><\/p>\n<p>&nbsp;<\/p>\n","protected":false},"excerpt":{"rendered":"<p>Miriam Soto present\u00f3 la cartelera de la Feria San Pedro y San Pablo 2023 &nbsp; \u201cTenemos una cartelera de lujo, para todos los gustos y este a\u00f1o es muy importante para nosotros porque conmemoramos los 314 a\u00f1os de la fundaci\u00f3n como pueblo llamado San Pablo\u00a0 por nuestro fundado Fray Andr\u00e9s Ram\u00edrez en 1709, hoy ciudad Meoqui\u201d, expres\u00f3 la alcaldesa Miriam Soto al presentar la cartelera de la Feria San Pedro y San Pablo 2023, encabezada por el Grupo Fuerza Regida y Conjunto Primavera. En rueda de prensa llevada a cabo en Sala de Cabildo de Presidencia Municipal, medios de comunicaci\u00f3n y autoridades municipales se dieron cita para este anunci\u00f3, donde la alcaldesa resalt\u00f3 la variedad de los artistas dentro de la cartelera, y precis\u00f3: \u201chemos buscado que haya un espect\u00e1culo tato como para chicos y grandes, con artistas locales, nacionales e internacionales\u201d. A su vez, la arquitecta Miriam Soto destac\u00f3 que estar\u00e1n de fiesta en el municipio con la Feria de San Pedro y San Pablo 2023, celebrando los m\u00e1s de 300 a\u00f1os de historia, complementando la cartelera con las atracciones de los juegos mec\u00e1nicos y una gastronom\u00eda diversa, y dijo: \u201cqueremos que las familias disfruten, nuestro objetivo es claro, que sean momentos de sana convivencia, esparcimiento y de celebrar nuestras tradiciones, recibiendo con mucha hospitalidad a quienes nos visitan de otros lugares\u201d. La Feria San Pedro y San Pablo 2023 iniciar\u00e1 desde el 23 de junio con el espect\u00e1culo de La Sonora de Sonoras, el 24 llegar\u00e1 Conjunto Primavera con su cl\u00e1sico show, el 25 se presentar\u00e1n Los Rehenes, el 26 y 27 ser\u00e1 promoci\u00f3n entrada 2\u00d71,\u00a0 el 28 se divertir\u00e1n con el show de comedia de Miguel Aguirre, 29 Tropical\u00edsimo Apache pondr\u00e1 a bailar a todo Meoqui, el 30 Fuerza Regida con sus canciones virales, el 1 de julio Lorenzo de Montecarlo y se culminar\u00e1 el 2 de julio con la obra infantil de Mario Bros. El boleto de entrada a la Feria ser\u00e1 de 70 pesos para los adultos, a excepci\u00f3n del d\u00eda de Fuerza Regida que tendr\u00e1 un costo de preventa de 350 pesos y Conjunto Primavera con un costo de 150. Para los ni\u00f1os ser\u00e1 entrada de 40 pesos todos los d\u00edas y los puntos de venta son: DIF Municipal, Pizzer\u00eda la Sierra, Az\u00facar y Sal, Olayos Bar, Chalios y Six Ur\u00edas,as\u00ed.lo inform\u00f3 la.empresa Espect\u00e1culos Art\u00edsticos del Norte. En el evento tambi\u00e9n estuvieron en el Pres\u00eddium Jorge Vel\u00e1zquez, Secretario Municipal, Kareli Rocha, Tesorera Municipal, Salvador L\u00f3pez, jefe de Comunicaci\u00f3n y Relaciones P\u00fablicas de Espect\u00e1culos del Norte y Ad\u00e1n Natividad, manager operativo. &nbsp;<\/p>\n","protected":false},"author":2,"featured_media":2124,"comment_status":"open","ping_status":"open","sticky":false,"template":"","format":"standard","meta":{"_monsterinsights_skip_tracking":false,"_monsterinsights_sitenote_active":false,"_monsterinsights_sitenote_note":"","_monsterinsights_sitenote_category":0,"advanced_seo_description":"","jetpack_seo_html_title":"","jetpack_seo_noindex":false,"_jetpack_memberships_contains_paid_content":false,"footnotes":"","jetpack_publicize_message":"","jetpack_publicize_feature_enabled":true,"jetpack_social_post_already_shared":true,"jetpack_social_options":{"image_generator_settings":{"template":"highway","enabled":false},"version":2}},"categories":[135,7,11],"tags":[],"class_list":["post-2123","post","type-post","status-publish","format-standard","has-post-thumbnail","hentry","category-lo-mas-leido","category-local","category-principal"],"jetpack_publicize_connections":[],"jetpack_sharing_enabled":true,"jetpack_featured_media_url":"https:\/\/i0.wp.com\/alcierrenoticias.com\/wp-content\/uploads\/2023\/04\/WhatsApp-Image-2023-04-27-at-1.54.18-PM.jpeg?fit=1280%2C724&ssl=1","amp_enabled":true,"_links":{"self":[{"href":"https:\/\/alcierrenoticias.com\/index.php\/wp-json\/wp\/v2\/posts\/2123","targetHints":{"allow":["GET"]}}],"collection":[{"href":"https:\/\/alcierrenoticias.com\/index.php\/wp-json\/wp\/v2\/posts"}],"about":[{"href":"https:\/\/alcierrenoticias.com\/index.php\/wp-json\/wp\/v2\/types\/post"}],"author":[{"embeddable":true,"href":"https:\/\/alcierrenoticias.com\/index.php\/wp-json\/wp\/v2\/users\/2"}],"replies":[{"embeddable":true,"href":"https:\/\/alcierrenoticias.com\/index.php\/wp-json\/wp\/v2\/comments?post=2123"}],"version-history":[{"count":1,"href":"https:\/\/alcierrenoticias.com\/index.php\/wp-json\/wp\/v2\/posts\/2123\/revisions"}],"predecessor-version":[{"id":2126,"href":"https:\/\/alcierrenoticias.com\/index.php\/wp-json\/wp\/v2\/posts\/2123\/revisions\/2126"}],"wp:featuredmedia":[{"embeddable":true,"href":"https:\/\/alcierrenoticias.com\/index.php\/wp-json\/wp\/v2\/media\/2124"}],"wp:attachment":[{"href":"https:\/\/alcierrenoticias.com\/index.php\/wp-json\/wp\/v2\/media?parent=2123"}],"wp:term":[{"taxonomy":"category","embeddable":true,"href":"https:\/\/alcierrenoticias.com\/index.php\/wp-json\/wp\/v2\/categories?post=2123"},{"taxonomy":"post_tag","embeddable":true,"href":"https:\/\/alcierrenoticias.com\/index.php\/wp-json\/wp\/v2\/tags?post=2123"}],"curies":[{"name":"wp","href":"https:\/\/api.w.org\/{rel}","templated":true}]}}