{"id":21127,"date":"2026-03-13T17:07:40","date_gmt":"2026-03-13T23:07:40","guid":{"rendered":"https:\/\/alcierrenoticias.com\/?p=21127"},"modified":"2026-03-13T20:11:18","modified_gmt":"2026-03-14T02:11:18","slug":"gobierno-municipal-inicia-proceso-para-regularizar-titulos-de-propiedad-a-mas-de-100-familias-de-la-comunidad-de-san-ignacio","status":"publish","type":"post","link":"https:\/\/alcierrenoticias.com\/index.php\/2026\/03\/13\/gobierno-municipal-inicia-proceso-para-regularizar-titulos-de-propiedad-a-mas-de-100-familias-de-la-comunidad-de-san-ignacio\/","title":{"rendered":"Gobierno Municipal inicia proceso para regularizar t\u00edtulos de propiedad a m\u00e1s de 100 familias de la comunidad de San Ignacio."},"content":{"rendered":"<p>Con el objetivo de brindar certeza jur\u00eddica al patrimonio de las familias y avanzar en el desarrollo ordenado de las comunidades rurales, el Gobierno Municipal de Camargo inici\u00f3 el proceso para la regularizaci\u00f3n y titulaci\u00f3n de predios en la comunidad de San Ignacio, acci\u00f3n que beneficiar\u00e1 a m\u00e1s de 100 familias de la zona.<\/p>\n<p>El Presidente Municipal de Camargo, Jorge Aldana, dijo que este tipo de apoyos son muy relevantes para darle certeza jur\u00eddica a las familias de esta comunidad y que adem\u00e1s estos apoyos se suman a las cientas de familias que han sido beneficiadas con este programa. A trav\u00e9s de una reuni\u00f3n de trabajo, en la que participaron integrantes del Mancom\u00fan de San Francisco de Padua y habitantes de San Ignacio, con el prop\u00f3sito de informar a la ciudadan\u00eda sobre la donaci\u00f3n de una superficie de 181 hect\u00e1reas a favor del Municipio de Camargo, terreno que ser\u00e1 destinado al proceso de regularizaci\u00f3n y expedici\u00f3n de t\u00edtulos de propiedad municipales.<\/p>\n<p>Como parte del compromiso del Gobierno Municipal de apoyar la econom\u00eda de las familias y facilitar el acceso a la regularizaci\u00f3n de sus predios, se anunci\u00f3 la implementaci\u00f3n de facilidades administrativas y est\u00edmulos fiscales, entre los que destacan: condonaci\u00f3n de diversos derechos municipales relacionados con el tr\u00e1mite de regularizaci\u00f3n, teniendo una reducci\u00f3n significativa en el costo total del tr\u00e1mite.<\/p>\n<p>Finalmente, se dio a conocer que durante la presente semana iniciar\u00e1 la integraci\u00f3n formal de expedientes, en coordinaci\u00f3n con autoridades del Mancom\u00fan de San Francisco de Padua y personal de la Presidencia Municipal, con el objetivo de avanzar en la regularizaci\u00f3n de los predios y beneficiar a las familias, otorg\u00e1ndoles certeza jur\u00eddica sobre su patrimonio y fortaleciendo el desarrollo ordenado del municipio de Camargo.<\/p>\n","protected":false},"excerpt":{"rendered":"<p>Con el objetivo de brindar certeza jur\u00eddica al patrimonio de las familias y avanzar en el desarrollo ordenado de las comunidades rurales, el Gobierno Municipal de Camargo inici\u00f3 el proceso para la regularizaci\u00f3n y titulaci\u00f3n de predios en la comunidad de San Ignacio, acci\u00f3n que beneficiar\u00e1 a m\u00e1s de 100 familias de la zona. El Presidente Municipal de Camargo, Jorge Aldana, dijo que este tipo de apoyos son muy relevantes para darle certeza jur\u00eddica a las familias de esta comunidad y que adem\u00e1s estos apoyos se suman a las cientas de familias que han sido beneficiadas con este programa. A trav\u00e9s de una reuni\u00f3n de trabajo, en la que participaron integrantes del Mancom\u00fan de San Francisco de Padua y habitantes de San Ignacio, con el prop\u00f3sito de informar a la ciudadan\u00eda sobre la donaci\u00f3n de una superficie de 181 hect\u00e1reas a favor del Municipio de Camargo, terreno que ser\u00e1 destinado al proceso de regularizaci\u00f3n y expedici\u00f3n de t\u00edtulos de propiedad municipales. Como parte del compromiso del Gobierno Municipal de apoyar la econom\u00eda de las familias y facilitar el acceso a la regularizaci\u00f3n de sus predios, se anunci\u00f3 la implementaci\u00f3n de facilidades administrativas y est\u00edmulos fiscales, entre los que destacan: condonaci\u00f3n de diversos derechos municipales relacionados con el tr\u00e1mite de regularizaci\u00f3n, teniendo una reducci\u00f3n significativa en el costo total del tr\u00e1mite. Finalmente, se dio a conocer que durante la presente semana iniciar\u00e1 la integraci\u00f3n formal de expedientes, en coordinaci\u00f3n con autoridades del Mancom\u00fan de San Francisco de Padua y personal de la Presidencia Municipal, con el objetivo de avanzar en la regularizaci\u00f3n de los predios y beneficiar a las familias, otorg\u00e1ndoles certeza jur\u00eddica sobre su patrimonio y fortaleciendo el desarrollo ordenado del municipio de Camargo.<\/p>\n","protected":false},"author":2,"featured_media":21128,"comment_status":"open","ping_status":"open","sticky":false,"template":"","format":"standard","meta":{"_monsterinsights_skip_tracking":false,"_monsterinsights_sitenote_active":false,"_monsterinsights_sitenote_note":"","_monsterinsights_sitenote_category":0,"advanced_seo_description":"","jetpack_seo_html_title":"","jetpack_seo_noindex":false,"_jetpack_memberships_contains_paid_content":false,"footnotes":"","jetpack_publicize_message":"","jetpack_publicize_feature_enabled":true,"jetpack_social_post_already_shared":true,"jetpack_social_options":{"image_generator_settings":{"template":"highway","enabled":false},"version":2}},"categories":[8,135,11],"tags":[],"class_list":["post-21127","post","type-post","status-publish","format-standard","has-post-thumbnail","hentry","category-estado","category-lo-mas-leido","category-principal"],"jetpack_publicize_connections":[],"jetpack_sharing_enabled":true,"jetpack_featured_media_url":"https:\/\/i0.wp.com\/alcierrenoticias.com\/wp-content\/uploads\/2026\/03\/WhatsApp-Image-2026-03-13-at-4.52.01-PM.jpeg?fit=1600%2C1066&ssl=1","amp_enabled":true,"_links":{"self":[{"href":"https:\/\/alcierrenoticias.com\/index.php\/wp-json\/wp\/v2\/posts\/21127","targetHints":{"allow":["GET"]}}],"collection":[{"href":"https:\/\/alcierrenoticias.com\/index.php\/wp-json\/wp\/v2\/posts"}],"about":[{"href":"https:\/\/alcierrenoticias.com\/index.php\/wp-json\/wp\/v2\/types\/post"}],"author":[{"embeddable":true,"href":"https:\/\/alcierrenoticias.com\/index.php\/wp-json\/wp\/v2\/users\/2"}],"replies":[{"embeddable":true,"href":"https:\/\/alcierrenoticias.com\/index.php\/wp-json\/wp\/v2\/comments?post=21127"}],"version-history":[{"count":2,"href":"https:\/\/alcierrenoticias.com\/index.php\/wp-json\/wp\/v2\/posts\/21127\/revisions"}],"predecessor-version":[{"id":21130,"href":"https:\/\/alcierrenoticias.com\/index.php\/wp-json\/wp\/v2\/posts\/21127\/revisions\/21130"}],"wp:featuredmedia":[{"embeddable":true,"href":"https:\/\/alcierrenoticias.com\/index.php\/wp-json\/wp\/v2\/media\/21128"}],"wp:attachment":[{"href":"https:\/\/alcierrenoticias.com\/index.php\/wp-json\/wp\/v2\/media?parent=21127"}],"wp:term":[{"taxonomy":"category","embeddable":true,"href":"https:\/\/alcierrenoticias.com\/index.php\/wp-json\/wp\/v2\/categories?post=21127"},{"taxonomy":"post_tag","embeddable":true,"href":"https:\/\/alcierrenoticias.com\/index.php\/wp-json\/wp\/v2\/tags?post=21127"}],"curies":[{"name":"wp","href":"https:\/\/api.w.org\/{rel}","templated":true}]}}