{"id":21114,"date":"2026-03-13T13:35:01","date_gmt":"2026-03-13T19:35:01","guid":{"rendered":"https:\/\/alcierrenoticias.com\/?p=21114"},"modified":"2026-03-13T20:00:40","modified_gmt":"2026-03-14T02:00:40","slug":"de-meoqui-para-el-mundo-participa-la-empresa-deli-eva-en-la-feria-de-alimentos-foodex-japon-2026","status":"publish","type":"post","link":"https:\/\/alcierrenoticias.com\/index.php\/2026\/03\/13\/de-meoqui-para-el-mundo-participa-la-empresa-deli-eva-en-la-feria-de-alimentos-foodex-japon-2026\/","title":{"rendered":"\u00a1De Meoqui para el Mundo! Participa la empresa Deli Eva en la feria de alimentos FOODEX Jap\u00f3n 2026."},"content":{"rendered":"<p>\u201cEs un orgullo para nosotros decir que esta empresa de Meoqui ya traspas\u00f3 fronteras.\u201d Alan Mata<\/p>\n<p>La empresa Deli Eva, originaria de Las Puentes, Meoqui, dedicada a la producci\u00f3n, transformaci\u00f3n y venta de botanas artesanales de alta calidad, participa en la feria internacional de alimentos FOODEX Jap\u00f3n 2026, uno de los eventos m\u00e1s importantes del mundo en la industria alimentaria, que re\u00fane a m\u00e1s de 2 mil 900 expositores provenientes de 47 pa\u00edses, as\u00ed como a alrededor de 72 mil profesionales del sector, consolid\u00e1ndose como un espacio clave para promover productos con valor agregado, generar v\u00ednculos comerciales y abrir oportunidades de exportaci\u00f3n hacia el mercado de Asia-Pac\u00edfico.<\/p>\n<p>\u201cEs un orgullo para nosotros decir que esta empresa de Meoqui ya traspas\u00f3 fronteras. Que los productos meoquenses lleguen a otros pa\u00edses es una muestra de la calidad de lo que se produce en nuestro municipio\u201d, dijo Alan Mata, director de Desarrollo Econ\u00f3mico y Turismo, quien destac\u00f3 que es motivante que una empresa que inici\u00f3 como un emprendimiento local haya logrado consolidarse y abrirse camino en el mercado internacional, mencionando que Deli Eva ha participado previamente en diversas ferias de emprendedores organizadas en el municipio de Meoqui y ahora, da un paso importante al proyectarse en el \u00e1mbito internacional.<\/p>\n<p>Finalmente, reiter\u00f3 el agradecimiento al Gobierno del Estado por atender las gestiones realizadas por la alcaldesa Miriam Soto y por brindar apoyo a las empresas originarias del municipio para impulsar su crecimiento. Asimismo, reconoci\u00f3 el trabajo de la alcaldesa por continuar promoviendo a los productores locales y fortaleciendo el desarrollo econ\u00f3mico de la regi\u00f3n: \u201cEstamos muy comprometidos y seguiremos buscando todos los canales de oportunidad. Continuaremos con nuestras ferias de emprendedores y con las capacitaciones necesarias para que los negocios se sigan consolidando y, con ello, apoyar la econom\u00eda familiar de nuestros productores\u201d, concluy\u00f3.<\/p>\n","protected":false},"excerpt":{"rendered":"<p>\u201cEs un orgullo para nosotros decir que esta empresa de Meoqui ya traspas\u00f3 fronteras.\u201d Alan Mata La empresa Deli Eva, originaria de Las Puentes, Meoqui, dedicada a la producci\u00f3n, transformaci\u00f3n y venta de botanas artesanales de alta calidad, participa en la feria internacional de alimentos FOODEX Jap\u00f3n 2026, uno de los eventos m\u00e1s importantes del mundo en la industria alimentaria, que re\u00fane a m\u00e1s de 2 mil 900 expositores provenientes de 47 pa\u00edses, as\u00ed como a alrededor de 72 mil profesionales del sector, consolid\u00e1ndose como un espacio clave para promover productos con valor agregado, generar v\u00ednculos comerciales y abrir oportunidades de exportaci\u00f3n hacia el mercado de Asia-Pac\u00edfico. \u201cEs un orgullo para nosotros decir que esta empresa de Meoqui ya traspas\u00f3 fronteras. Que los productos meoquenses lleguen a otros pa\u00edses es una muestra de la calidad de lo que se produce en nuestro municipio\u201d, dijo Alan Mata, director de Desarrollo Econ\u00f3mico y Turismo, quien destac\u00f3 que es motivante que una empresa que inici\u00f3 como un emprendimiento local haya logrado consolidarse y abrirse camino en el mercado internacional, mencionando que Deli Eva ha participado previamente en diversas ferias de emprendedores organizadas en el municipio de Meoqui y ahora, da un paso importante al proyectarse en el \u00e1mbito internacional. Finalmente, reiter\u00f3 el agradecimiento al Gobierno del Estado por atender las gestiones realizadas por la alcaldesa Miriam Soto y por brindar apoyo a las empresas originarias del municipio para impulsar su crecimiento. Asimismo, reconoci\u00f3 el trabajo de la alcaldesa por continuar promoviendo a los productores locales y fortaleciendo el desarrollo econ\u00f3mico de la regi\u00f3n: \u201cEstamos muy comprometidos y seguiremos buscando todos los canales de oportunidad. Continuaremos con nuestras ferias de emprendedores y con las capacitaciones necesarias para que los negocios se sigan consolidando y, con ello, apoyar la econom\u00eda familiar de nuestros productores\u201d, concluy\u00f3.<\/p>\n","protected":false},"author":2,"featured_media":21115,"comment_status":"open","ping_status":"open","sticky":false,"template":"","format":"standard","meta":{"_monsterinsights_skip_tracking":false,"_monsterinsights_sitenote_active":false,"_monsterinsights_sitenote_note":"","_monsterinsights_sitenote_category":0,"advanced_seo_description":"","jetpack_seo_html_title":"","jetpack_seo_noindex":false,"_jetpack_memberships_contains_paid_content":false,"footnotes":"","jetpack_publicize_message":"","jetpack_publicize_feature_enabled":true,"jetpack_social_post_already_shared":true,"jetpack_social_options":{"image_generator_settings":{"template":"highway","enabled":false},"version":2}},"categories":[135,7,11],"tags":[],"class_list":["post-21114","post","type-post","status-publish","format-standard","has-post-thumbnail","hentry","category-lo-mas-leido","category-local","category-principal"],"jetpack_publicize_connections":[],"jetpack_sharing_enabled":true,"jetpack_featured_media_url":"https:\/\/i0.wp.com\/alcierrenoticias.com\/wp-content\/uploads\/2026\/03\/WhatsApp-Image-2026-03-13-at-12.56.23-PM-e1773453492432.jpeg?fit=400%2C498&ssl=1","amp_enabled":true,"_links":{"self":[{"href":"https:\/\/alcierrenoticias.com\/index.php\/wp-json\/wp\/v2\/posts\/21114","targetHints":{"allow":["GET"]}}],"collection":[{"href":"https:\/\/alcierrenoticias.com\/index.php\/wp-json\/wp\/v2\/posts"}],"about":[{"href":"https:\/\/alcierrenoticias.com\/index.php\/wp-json\/wp\/v2\/types\/post"}],"author":[{"embeddable":true,"href":"https:\/\/alcierrenoticias.com\/index.php\/wp-json\/wp\/v2\/users\/2"}],"replies":[{"embeddable":true,"href":"https:\/\/alcierrenoticias.com\/index.php\/wp-json\/wp\/v2\/comments?post=21114"}],"version-history":[{"count":2,"href":"https:\/\/alcierrenoticias.com\/index.php\/wp-json\/wp\/v2\/posts\/21114\/revisions"}],"predecessor-version":[{"id":21117,"href":"https:\/\/alcierrenoticias.com\/index.php\/wp-json\/wp\/v2\/posts\/21114\/revisions\/21117"}],"wp:featuredmedia":[{"embeddable":true,"href":"https:\/\/alcierrenoticias.com\/index.php\/wp-json\/wp\/v2\/media\/21115"}],"wp:attachment":[{"href":"https:\/\/alcierrenoticias.com\/index.php\/wp-json\/wp\/v2\/media?parent=21114"}],"wp:term":[{"taxonomy":"category","embeddable":true,"href":"https:\/\/alcierrenoticias.com\/index.php\/wp-json\/wp\/v2\/categories?post=21114"},{"taxonomy":"post_tag","embeddable":true,"href":"https:\/\/alcierrenoticias.com\/index.php\/wp-json\/wp\/v2\/tags?post=21114"}],"curies":[{"name":"wp","href":"https:\/\/api.w.org\/{rel}","templated":true}]}}