{"id":21017,"date":"2026-03-07T15:20:17","date_gmt":"2026-03-07T21:20:17","guid":{"rendered":"https:\/\/alcierrenoticias.com\/?p=21017"},"modified":"2026-03-09T23:40:32","modified_gmt":"2026-03-10T05:40:32","slug":"lleva-gobierno-municipal-de-meoqui-y-oneami-la-conferencia-quien-no-suena-no-despierta-a-500-estudiantes-del-cobach-26","status":"publish","type":"post","link":"https:\/\/alcierrenoticias.com\/index.php\/2026\/03\/07\/lleva-gobierno-municipal-de-meoqui-y-oneami-la-conferencia-quien-no-suena-no-despierta-a-500-estudiantes-del-cobach-26\/","title":{"rendered":"Lleva Gobierno Municipal de Meoqui y On\u00e9ami la conferencia \u201cQui\u00e9n no sue\u00f1a no despierta\u201d a 500 estudiantes del COBACH 26."},"content":{"rendered":"<p>En el marco de la Semana de la Familia, buscan motivar a los j\u00f3venes meoquenses a perseguir sus sue\u00f1os<\/p>\n<p>Con el objetivo de motivar a los j\u00f3venes a reflexionar sobre su proyecto de vida y la importancia de perseguir sus sue\u00f1os, el Gobierno Municipal de Meoqui, a trav\u00e9s de la Instancia de Atenci\u00f3n a la Mujer y en coordinaci\u00f3n con la organizaci\u00f3n On\u00e9ami, llev\u00f3 la conferencia \u201cQuien no sue\u00f1a no despierta\u201d a 500 estudiantes del COBACH 26 de L\u00e1zaro C\u00e1rdenas.<\/p>\n<p>La directora de la Instancia de Atenci\u00f3n a la Mujer, Mar\u00eda del Refugio Silva Uranga, inform\u00f3 que esta actividad forma parte de las acciones realizadas durante la Semana de la Familia de On\u00e9ami, donde se busca acercar temas de inter\u00e9s para los j\u00f3venes, enfocados principalmente en su bienestar emocional y desarrollo personal.<\/p>\n<p>Igualmente, se\u00f1al\u00f3 que, la elecci\u00f3n de los temas se basa en las inquietudes que los propios estudiantes han manifestado, mismas que fueron detectadas a trav\u00e9s de una encuesta realizada el a\u00f1o pasado en colaboraci\u00f3n con Ficosec, donde los j\u00f3venes compartieron sus principales preocupaciones y problem\u00e1ticas. \u201cTratamos de elegir temas que respondan a lo que ellos mismos nos han dicho que necesitan, para brindarles herramientas que les ayuden en esta etapa de su vida\u201d, Adem\u00e1s, destac\u00f3 que estas acciones responden a la encomienda de la alcaldesa Miriam Soto, quien ha impulsado el trabajo cercano con la ciudadan\u00eda y el fortalecimiento de las familias del municipio.<\/p>\n<p>Por su parte, el conferencista Luis Ram\u00f3n Mendoza comparti\u00f3 con los estudiantes un mensaje enfocado en el sentido de vida, invit\u00e1ndolos a no rendirse en la b\u00fasqueda de sus metas y a construir un futuro con esperanza, el c\u00f3mo tener sue\u00f1os ayuda a construir un horizonte y a encontrar herramientas para poder lograrlos.<\/p>\n<p>El ponente tambi\u00e9n reconoci\u00f3 el esfuerzo del Gobierno Municipal por impulsar espacios de formaci\u00f3n para las nuevas generaciones. \u201cAgradecer a la alcaldesa Miriam Soto por por este trabajo que hace porque se tenga una formaci\u00f3n humana, un gran reto que tenemos actualmente los humanistas es que nos deshumanizamos y justamente estos temas de familia, de valores, de psicolog\u00eda, inteligencia emocional, nos ayudan y es bueno que los j\u00f3venes desde ahorita lo aprendan para que puedan tener un desarrollo integral y el d\u00eda de ma\u00f1ana sean un factor positivo en nuestra sociedad entonces que no desista y agradecerle por estos espacios\u201d, concluy\u00f3.<\/p>\n","protected":false},"excerpt":{"rendered":"<p>En el marco de la Semana de la Familia, buscan motivar a los j\u00f3venes meoquenses a perseguir sus sue\u00f1os Con el objetivo de motivar a los j\u00f3venes a reflexionar sobre su proyecto de vida y la importancia de perseguir sus sue\u00f1os, el Gobierno Municipal de Meoqui, a trav\u00e9s de la Instancia de Atenci\u00f3n a la Mujer y en coordinaci\u00f3n con la organizaci\u00f3n On\u00e9ami, llev\u00f3 la conferencia \u201cQuien no sue\u00f1a no despierta\u201d a 500 estudiantes del COBACH 26 de L\u00e1zaro C\u00e1rdenas. La directora de la Instancia de Atenci\u00f3n a la Mujer, Mar\u00eda del Refugio Silva Uranga, inform\u00f3 que esta actividad forma parte de las acciones realizadas durante la Semana de la Familia de On\u00e9ami, donde se busca acercar temas de inter\u00e9s para los j\u00f3venes, enfocados principalmente en su bienestar emocional y desarrollo personal. Igualmente, se\u00f1al\u00f3 que, la elecci\u00f3n de los temas se basa en las inquietudes que los propios estudiantes han manifestado, mismas que fueron detectadas a trav\u00e9s de una encuesta realizada el a\u00f1o pasado en colaboraci\u00f3n con Ficosec, donde los j\u00f3venes compartieron sus principales preocupaciones y problem\u00e1ticas. \u201cTratamos de elegir temas que respondan a lo que ellos mismos nos han dicho que necesitan, para brindarles herramientas que les ayuden en esta etapa de su vida\u201d, Adem\u00e1s, destac\u00f3 que estas acciones responden a la encomienda de la alcaldesa Miriam Soto, quien ha impulsado el trabajo cercano con la ciudadan\u00eda y el fortalecimiento de las familias del municipio. Por su parte, el conferencista Luis Ram\u00f3n Mendoza comparti\u00f3 con los estudiantes un mensaje enfocado en el sentido de vida, invit\u00e1ndolos a no rendirse en la b\u00fasqueda de sus metas y a construir un futuro con esperanza, el c\u00f3mo tener sue\u00f1os ayuda a construir un horizonte y a encontrar herramientas para poder lograrlos. El ponente tambi\u00e9n reconoci\u00f3 el esfuerzo del Gobierno Municipal por impulsar espacios de formaci\u00f3n para las nuevas generaciones. \u201cAgradecer a la alcaldesa Miriam Soto por por este trabajo que hace porque se tenga una formaci\u00f3n humana, un gran reto que tenemos actualmente los humanistas es que nos deshumanizamos y justamente estos temas de familia, de valores, de psicolog\u00eda, inteligencia emocional, nos ayudan y es bueno que los j\u00f3venes desde ahorita lo aprendan para que puedan tener un desarrollo integral y el d\u00eda de ma\u00f1ana sean un factor positivo en nuestra sociedad entonces que no desista y agradecerle por estos espacios\u201d, concluy\u00f3.<\/p>\n","protected":false},"author":2,"featured_media":21018,"comment_status":"open","ping_status":"open","sticky":false,"template":"","format":"standard","meta":{"_monsterinsights_skip_tracking":false,"_monsterinsights_sitenote_active":false,"_monsterinsights_sitenote_note":"","_monsterinsights_sitenote_category":0,"advanced_seo_description":"","jetpack_seo_html_title":"","jetpack_seo_noindex":false,"_jetpack_memberships_contains_paid_content":false,"footnotes":"","jetpack_publicize_message":"","jetpack_publicize_feature_enabled":true,"jetpack_social_post_already_shared":true,"jetpack_social_options":{"image_generator_settings":{"template":"highway","enabled":false},"version":2}},"categories":[7],"tags":[],"class_list":["post-21017","post","type-post","status-publish","format-standard","has-post-thumbnail","hentry","category-local"],"jetpack_publicize_connections":[],"jetpack_sharing_enabled":true,"jetpack_featured_media_url":"https:\/\/i0.wp.com\/alcierrenoticias.com\/wp-content\/uploads\/2026\/03\/WhatsApp-Image-2026-03-07-at-3.14.24-PM.jpeg?fit=1280%2C853&ssl=1","amp_enabled":true,"_links":{"self":[{"href":"https:\/\/alcierrenoticias.com\/index.php\/wp-json\/wp\/v2\/posts\/21017","targetHints":{"allow":["GET"]}}],"collection":[{"href":"https:\/\/alcierrenoticias.com\/index.php\/wp-json\/wp\/v2\/posts"}],"about":[{"href":"https:\/\/alcierrenoticias.com\/index.php\/wp-json\/wp\/v2\/types\/post"}],"author":[{"embeddable":true,"href":"https:\/\/alcierrenoticias.com\/index.php\/wp-json\/wp\/v2\/users\/2"}],"replies":[{"embeddable":true,"href":"https:\/\/alcierrenoticias.com\/index.php\/wp-json\/wp\/v2\/comments?post=21017"}],"version-history":[{"count":2,"href":"https:\/\/alcierrenoticias.com\/index.php\/wp-json\/wp\/v2\/posts\/21017\/revisions"}],"predecessor-version":[{"id":21020,"href":"https:\/\/alcierrenoticias.com\/index.php\/wp-json\/wp\/v2\/posts\/21017\/revisions\/21020"}],"wp:featuredmedia":[{"embeddable":true,"href":"https:\/\/alcierrenoticias.com\/index.php\/wp-json\/wp\/v2\/media\/21018"}],"wp:attachment":[{"href":"https:\/\/alcierrenoticias.com\/index.php\/wp-json\/wp\/v2\/media?parent=21017"}],"wp:term":[{"taxonomy":"category","embeddable":true,"href":"https:\/\/alcierrenoticias.com\/index.php\/wp-json\/wp\/v2\/categories?post=21017"},{"taxonomy":"post_tag","embeddable":true,"href":"https:\/\/alcierrenoticias.com\/index.php\/wp-json\/wp\/v2\/tags?post=21017"}],"curies":[{"name":"wp","href":"https:\/\/api.w.org\/{rel}","templated":true}]}}