{"id":20009,"date":"2026-01-20T16:50:53","date_gmt":"2026-01-20T22:50:53","guid":{"rendered":"https:\/\/alcierrenoticias.com\/?p=20009"},"modified":"2026-01-21T14:12:58","modified_gmt":"2026-01-21T20:12:58","slug":"beneficiamos-a-mas-de-200-familias-con-el-primer-mercadito-en-tu-colonia-del-ano-jorge-aldana","status":"publish","type":"post","link":"https:\/\/alcierrenoticias.com\/index.php\/2026\/01\/20\/beneficiamos-a-mas-de-200-familias-con-el-primer-mercadito-en-tu-colonia-del-ano-jorge-aldana\/","title":{"rendered":"Beneficiamos a m\u00e1s de 200 familias con el primer \u201cMercadito en tu Colonia\u201d del a\u00f1o: Jorge Aldana."},"content":{"rendered":"<p>El Gobierno Municipal de Camargo llev\u00f3 a cabo con \u00e9xito el primer Mercadito en tu Colonia del a\u00f1o en la Deportiva Lorenzo Cisneros, beneficiando de manera directa a m\u00e1s de 200 familias, mediante apoyos enfocados principalmente en la alimentaci\u00f3n y el fortalecimiento de la econom\u00eda familiar.<\/p>\n<p>Este programa tiene como objetivo acercar productos de la canasta b\u00e1sica a bajo costo, permitiendo que las familias camarguenses puedan cubrir una de sus necesidades m\u00e1s importantes, como lo es la alimentaci\u00f3n, de forma accesible y directa.<\/p>\n<p>Las autoridades municipales destacaron que la alimentaci\u00f3n es uno de los ejes fundamentales en los que se ha basado este gobierno, reafirmando el compromiso de continuar impulsando acciones que generen un impacto positivo en los hogares del municipio.<\/p>\n<p>Finalmente, se inform\u00f3 que el Mercadito en tu Colonia seguir\u00e1 llegando a distintos puntos de Camargo a lo largo del a\u00f1o, con la finalidad de beneficiar a m\u00e1s familias y continuar fortaleciendo la econom\u00eda familiar.<\/p>\n","protected":false},"excerpt":{"rendered":"<p>El Gobierno Municipal de Camargo llev\u00f3 a cabo con \u00e9xito el primer Mercadito en tu Colonia del a\u00f1o en la Deportiva Lorenzo Cisneros, beneficiando de manera directa a m\u00e1s de 200 familias, mediante apoyos enfocados principalmente en la alimentaci\u00f3n y el fortalecimiento de la econom\u00eda familiar. Este programa tiene como objetivo acercar productos de la canasta b\u00e1sica a bajo costo, permitiendo que las familias camarguenses puedan cubrir una de sus necesidades m\u00e1s importantes, como lo es la alimentaci\u00f3n, de forma accesible y directa. Las autoridades municipales destacaron que la alimentaci\u00f3n es uno de los ejes fundamentales en los que se ha basado este gobierno, reafirmando el compromiso de continuar impulsando acciones que generen un impacto positivo en los hogares del municipio. Finalmente, se inform\u00f3 que el Mercadito en tu Colonia seguir\u00e1 llegando a distintos puntos de Camargo a lo largo del a\u00f1o, con la finalidad de beneficiar a m\u00e1s familias y continuar fortaleciendo la econom\u00eda familiar.<\/p>\n","protected":false},"author":2,"featured_media":20011,"comment_status":"open","ping_status":"open","sticky":false,"template":"","format":"standard","meta":{"_monsterinsights_skip_tracking":false,"_monsterinsights_sitenote_active":false,"_monsterinsights_sitenote_note":"","_monsterinsights_sitenote_category":0,"advanced_seo_description":"","jetpack_seo_html_title":"","jetpack_seo_noindex":false,"_jetpack_memberships_contains_paid_content":false,"footnotes":"","jetpack_publicize_message":"","jetpack_publicize_feature_enabled":true,"jetpack_social_post_already_shared":true,"jetpack_social_options":{"image_generator_settings":{"template":"highway","enabled":false},"version":2}},"categories":[8,135,11],"tags":[],"class_list":["post-20009","post","type-post","status-publish","format-standard","has-post-thumbnail","hentry","category-estado","category-lo-mas-leido","category-principal"],"jetpack_publicize_connections":[],"jetpack_sharing_enabled":true,"jetpack_featured_media_url":"https:\/\/i0.wp.com\/alcierrenoticias.com\/wp-content\/uploads\/2026\/01\/WhatsApp-Image-2026-01-20-at-4.39.39-PM.jpeg?fit=1600%2C1066&ssl=1","amp_enabled":true,"_links":{"self":[{"href":"https:\/\/alcierrenoticias.com\/index.php\/wp-json\/wp\/v2\/posts\/20009","targetHints":{"allow":["GET"]}}],"collection":[{"href":"https:\/\/alcierrenoticias.com\/index.php\/wp-json\/wp\/v2\/posts"}],"about":[{"href":"https:\/\/alcierrenoticias.com\/index.php\/wp-json\/wp\/v2\/types\/post"}],"author":[{"embeddable":true,"href":"https:\/\/alcierrenoticias.com\/index.php\/wp-json\/wp\/v2\/users\/2"}],"replies":[{"embeddable":true,"href":"https:\/\/alcierrenoticias.com\/index.php\/wp-json\/wp\/v2\/comments?post=20009"}],"version-history":[{"count":2,"href":"https:\/\/alcierrenoticias.com\/index.php\/wp-json\/wp\/v2\/posts\/20009\/revisions"}],"predecessor-version":[{"id":20012,"href":"https:\/\/alcierrenoticias.com\/index.php\/wp-json\/wp\/v2\/posts\/20009\/revisions\/20012"}],"wp:featuredmedia":[{"embeddable":true,"href":"https:\/\/alcierrenoticias.com\/index.php\/wp-json\/wp\/v2\/media\/20011"}],"wp:attachment":[{"href":"https:\/\/alcierrenoticias.com\/index.php\/wp-json\/wp\/v2\/media?parent=20009"}],"wp:term":[{"taxonomy":"category","embeddable":true,"href":"https:\/\/alcierrenoticias.com\/index.php\/wp-json\/wp\/v2\/categories?post=20009"},{"taxonomy":"post_tag","embeddable":true,"href":"https:\/\/alcierrenoticias.com\/index.php\/wp-json\/wp\/v2\/tags?post=20009"}],"curies":[{"name":"wp","href":"https:\/\/api.w.org\/{rel}","templated":true}]}}