{"id":19972,"date":"2026-01-19T12:30:51","date_gmt":"2026-01-19T18:30:51","guid":{"rendered":"https:\/\/alcierrenoticias.com\/?p=19972"},"modified":"2026-01-19T19:56:29","modified_gmt":"2026-01-20T01:56:29","slug":"inicia-municipio-trabajos-de-rehabilitacion-de-concreto-en-cruce-agustin-melgar-y-francisco-villa-piden-precaucion","status":"publish","type":"post","link":"https:\/\/alcierrenoticias.com\/index.php\/2026\/01\/19\/inicia-municipio-trabajos-de-rehabilitacion-de-concreto-en-cruce-agustin-melgar-y-francisco-villa-piden-precaucion\/","title":{"rendered":"Inicia Municipio trabajos de rehabilitaci\u00f3n de concreto en cruce Agust\u00edn Melgar y Francisco Villa; piden precauci\u00f3n."},"content":{"rendered":"<p>El Gobierno Municipal de Camargo inici\u00f3 los trabajos de rehabilitaci\u00f3n con concreto hidr\u00e1ulico en el cruce de las calles Agust\u00edn Melgar y Francisco Villa, como parte de las acciones permanentes para mejorar la infraestructura vial del municipio.<\/p>\n<p>Debido a estas labores, la circulaci\u00f3n en dicho cruce permanecer\u00e1 cerrada de manera temporal, por lo que se exhorta a automovilistas y peatones a tomar precauciones, respetar los se\u00f1alamientos viales y utilizar v\u00edas alternas.<\/p>\n<p>La Direcci\u00f3n de Obras P\u00fablicas y Desarrollo Urbano inform\u00f3 que estos trabajos permitir\u00e1n contar con una vialidad m\u00e1s segura y duradera, reduciendo el deterioro y mejorando las condiciones de tr\u00e1nsito en la zona.<\/p>\n<p>El Gobierno Municipal reiter\u00f3 que se mantienen los trabajos en distintos puntos de la ciudad, atendiendo necesidades prioritarias y avanzando en la mejora de las calles, agradeciendo la comprensi\u00f3n ante las molestias temporales que estas acciones puedan generar.<\/p>\n","protected":false},"excerpt":{"rendered":"<p>El Gobierno Municipal de Camargo inici\u00f3 los trabajos de rehabilitaci\u00f3n con concreto hidr\u00e1ulico en el cruce de las calles Agust\u00edn Melgar y Francisco Villa, como parte de las acciones permanentes para mejorar la infraestructura vial del municipio. Debido a estas labores, la circulaci\u00f3n en dicho cruce permanecer\u00e1 cerrada de manera temporal, por lo que se exhorta a automovilistas y peatones a tomar precauciones, respetar los se\u00f1alamientos viales y utilizar v\u00edas alternas. La Direcci\u00f3n de Obras P\u00fablicas y Desarrollo Urbano inform\u00f3 que estos trabajos permitir\u00e1n contar con una vialidad m\u00e1s segura y duradera, reduciendo el deterioro y mejorando las condiciones de tr\u00e1nsito en la zona. El Gobierno Municipal reiter\u00f3 que se mantienen los trabajos en distintos puntos de la ciudad, atendiendo necesidades prioritarias y avanzando en la mejora de las calles, agradeciendo la comprensi\u00f3n ante las molestias temporales que estas acciones puedan generar.<\/p>\n","protected":false},"author":2,"featured_media":19973,"comment_status":"open","ping_status":"open","sticky":false,"template":"","format":"standard","meta":{"_monsterinsights_skip_tracking":false,"_monsterinsights_sitenote_active":false,"_monsterinsights_sitenote_note":"","_monsterinsights_sitenote_category":0,"advanced_seo_description":"","jetpack_seo_html_title":"","jetpack_seo_noindex":false,"_jetpack_memberships_contains_paid_content":false,"footnotes":"","jetpack_publicize_message":"","jetpack_publicize_feature_enabled":true,"jetpack_social_post_already_shared":true,"jetpack_social_options":{"image_generator_settings":{"template":"highway","enabled":false},"version":2}},"categories":[8,135,11],"tags":[],"class_list":["post-19972","post","type-post","status-publish","format-standard","has-post-thumbnail","hentry","category-estado","category-lo-mas-leido","category-principal"],"jetpack_publicize_connections":[],"jetpack_sharing_enabled":true,"jetpack_featured_media_url":"https:\/\/i0.wp.com\/alcierrenoticias.com\/wp-content\/uploads\/2026\/01\/WhatsApp-Image-2026-01-19-at-12.21.06-PM.jpeg?fit=1280%2C720&ssl=1","amp_enabled":true,"_links":{"self":[{"href":"https:\/\/alcierrenoticias.com\/index.php\/wp-json\/wp\/v2\/posts\/19972","targetHints":{"allow":["GET"]}}],"collection":[{"href":"https:\/\/alcierrenoticias.com\/index.php\/wp-json\/wp\/v2\/posts"}],"about":[{"href":"https:\/\/alcierrenoticias.com\/index.php\/wp-json\/wp\/v2\/types\/post"}],"author":[{"embeddable":true,"href":"https:\/\/alcierrenoticias.com\/index.php\/wp-json\/wp\/v2\/users\/2"}],"replies":[{"embeddable":true,"href":"https:\/\/alcierrenoticias.com\/index.php\/wp-json\/wp\/v2\/comments?post=19972"}],"version-history":[{"count":2,"href":"https:\/\/alcierrenoticias.com\/index.php\/wp-json\/wp\/v2\/posts\/19972\/revisions"}],"predecessor-version":[{"id":19988,"href":"https:\/\/alcierrenoticias.com\/index.php\/wp-json\/wp\/v2\/posts\/19972\/revisions\/19988"}],"wp:featuredmedia":[{"embeddable":true,"href":"https:\/\/alcierrenoticias.com\/index.php\/wp-json\/wp\/v2\/media\/19973"}],"wp:attachment":[{"href":"https:\/\/alcierrenoticias.com\/index.php\/wp-json\/wp\/v2\/media?parent=19972"}],"wp:term":[{"taxonomy":"category","embeddable":true,"href":"https:\/\/alcierrenoticias.com\/index.php\/wp-json\/wp\/v2\/categories?post=19972"},{"taxonomy":"post_tag","embeddable":true,"href":"https:\/\/alcierrenoticias.com\/index.php\/wp-json\/wp\/v2\/tags?post=19972"}],"curies":[{"name":"wp","href":"https:\/\/api.w.org\/{rel}","templated":true}]}}