{"id":19929,"date":"2026-01-16T13:20:22","date_gmt":"2026-01-16T19:20:22","guid":{"rendered":"https:\/\/alcierrenoticias.com\/?p=19929"},"modified":"2026-01-16T15:12:38","modified_gmt":"2026-01-16T21:12:38","slug":"inicia-el-19-de-enero-en-meoqui-recepcion-de-documentos-del-programa-becas-universitarias-2026","status":"publish","type":"post","link":"https:\/\/alcierrenoticias.com\/index.php\/2026\/01\/16\/inicia-el-19-de-enero-en-meoqui-recepcion-de-documentos-del-programa-becas-universitarias-2026\/","title":{"rendered":"Inicia el 19 de enero en Meoqui recepci\u00f3n de documentos del Programa Becas Universitarias 2026."},"content":{"rendered":"<p>Contin\u00faa Gobierno Municipal con apoyo a la educaci\u00f3n, buscan beneficiar al mayor n\u00famero de estudiantes<\/p>\n<p>El Gobierno Municipal de Meoqui, a trav\u00e9s de la Direcci\u00f3n de Desarrollo Social, inform\u00f3 que, a partir del 19 de enero, comenzara la recepci\u00f3n de documentos correspondientes a la inscripci\u00f3n de Becas Universitarias para el nuevo ciclo escolar. Dirigida a todos los j\u00f3venes universitarios de Meoqui, sin importar que lleven sus estudios dentro o fuera de la regi\u00f3n, programa puesto en marcha por la alcaldesa Miriam Soto desde el inicio de su administraci\u00f3n, en el que se ha obtenido una excelente respuesta por parte de los meoquenses, beneficiando tan solo el a\u00f1o pasado a alrededor de 430 Universitarios.<\/p>\n<p>Los interesados podr\u00e1n acudir a la oficina de Desarrollo Social, en un horario de 9:00 am. a 1:00 pm. Con la siguiente documentaci\u00f3n:<br \/>\n\u00b7 Comprobante de domicilio<br \/>\n\u00b7 CURP del estudiante<br \/>\n\u00b7 Credencial oficial del solicitante<br \/>\n\u00b7 Constancia escolar sellada y firmada por la direcci\u00f3n de la escuela<br \/>\n\u00b7 Boleta o K\u00e1rdex oficial del ciclo escolar inmediato, sellada y firmada<br \/>\n\u00b7 Comprobante de ingresos propio (en caso de trabajar) o del padre, madre o tutor<br \/>\n*En caso de no contar con alg\u00fan recibo de n\u00f3mina, puede pedir a quien los emplea una carta en una hoja membretada en donde se conste el ingreso mensual.<\/p>\n<p>Por \u00faltimo, la directora de Desarrollo Social del Municipio de Meoqui, Zenyith P\u00e9rez inform\u00f3 que se cuenta con tres tipos de becas, de convenio; que consta de formar un convenio tripartito con algunas escuelas en donde, la instituci\u00f3n, el estudiante y Gobierno Municipal cubre una tercera parte de la colegiatura, mientras que en la beca econ\u00f3micas y de transporte se otorga un monto de 500 pesos mensuales.<\/p>\n","protected":false},"excerpt":{"rendered":"<p>Contin\u00faa Gobierno Municipal con apoyo a la educaci\u00f3n, buscan beneficiar al mayor n\u00famero de estudiantes El Gobierno Municipal de Meoqui, a trav\u00e9s de la Direcci\u00f3n de Desarrollo Social, inform\u00f3 que, a partir del 19 de enero, comenzara la recepci\u00f3n de documentos correspondientes a la inscripci\u00f3n de Becas Universitarias para el nuevo ciclo escolar. Dirigida a todos los j\u00f3venes universitarios de Meoqui, sin importar que lleven sus estudios dentro o fuera de la regi\u00f3n, programa puesto en marcha por la alcaldesa Miriam Soto desde el inicio de su administraci\u00f3n, en el que se ha obtenido una excelente respuesta por parte de los meoquenses, beneficiando tan solo el a\u00f1o pasado a alrededor de 430 Universitarios. Los interesados podr\u00e1n acudir a la oficina de Desarrollo Social, en un horario de 9:00 am. a 1:00 pm. Con la siguiente documentaci\u00f3n: \u00b7 Comprobante de domicilio \u00b7 CURP del estudiante \u00b7 Credencial oficial del solicitante \u00b7 Constancia escolar sellada y firmada por la direcci\u00f3n de la escuela \u00b7 Boleta o K\u00e1rdex oficial del ciclo escolar inmediato, sellada y firmada \u00b7 Comprobante de ingresos propio (en caso de trabajar) o del padre, madre o tutor *En caso de no contar con alg\u00fan recibo de n\u00f3mina, puede pedir a quien los emplea una carta en una hoja membretada en donde se conste el ingreso mensual. Por \u00faltimo, la directora de Desarrollo Social del Municipio de Meoqui, Zenyith P\u00e9rez inform\u00f3 que se cuenta con tres tipos de becas, de convenio; que consta de formar un convenio tripartito con algunas escuelas en donde, la instituci\u00f3n, el estudiante y Gobierno Municipal cubre una tercera parte de la colegiatura, mientras que en la beca econ\u00f3micas y de transporte se otorga un monto de 500 pesos mensuales.<\/p>\n","protected":false},"author":2,"featured_media":19930,"comment_status":"open","ping_status":"open","sticky":false,"template":"","format":"standard","meta":{"_monsterinsights_skip_tracking":false,"_monsterinsights_sitenote_active":false,"_monsterinsights_sitenote_note":"","_monsterinsights_sitenote_category":0,"advanced_seo_description":"","jetpack_seo_html_title":"","jetpack_seo_noindex":false,"_jetpack_memberships_contains_paid_content":false,"footnotes":"","jetpack_publicize_message":"","jetpack_publicize_feature_enabled":true,"jetpack_social_post_already_shared":true,"jetpack_social_options":{"image_generator_settings":{"template":"highway","enabled":false},"version":2}},"categories":[135,7,11],"tags":[],"class_list":["post-19929","post","type-post","status-publish","format-standard","has-post-thumbnail","hentry","category-lo-mas-leido","category-local","category-principal"],"jetpack_publicize_connections":[],"jetpack_sharing_enabled":true,"jetpack_featured_media_url":"https:\/\/i0.wp.com\/alcierrenoticias.com\/wp-content\/uploads\/2026\/01\/WhatsApp-Image-2026-01-16-at-1.08.23-PM-e1768597938182.jpeg?fit=500%2C500&ssl=1","amp_enabled":true,"_links":{"self":[{"href":"https:\/\/alcierrenoticias.com\/index.php\/wp-json\/wp\/v2\/posts\/19929","targetHints":{"allow":["GET"]}}],"collection":[{"href":"https:\/\/alcierrenoticias.com\/index.php\/wp-json\/wp\/v2\/posts"}],"about":[{"href":"https:\/\/alcierrenoticias.com\/index.php\/wp-json\/wp\/v2\/types\/post"}],"author":[{"embeddable":true,"href":"https:\/\/alcierrenoticias.com\/index.php\/wp-json\/wp\/v2\/users\/2"}],"replies":[{"embeddable":true,"href":"https:\/\/alcierrenoticias.com\/index.php\/wp-json\/wp\/v2\/comments?post=19929"}],"version-history":[{"count":2,"href":"https:\/\/alcierrenoticias.com\/index.php\/wp-json\/wp\/v2\/posts\/19929\/revisions"}],"predecessor-version":[{"id":19932,"href":"https:\/\/alcierrenoticias.com\/index.php\/wp-json\/wp\/v2\/posts\/19929\/revisions\/19932"}],"wp:featuredmedia":[{"embeddable":true,"href":"https:\/\/alcierrenoticias.com\/index.php\/wp-json\/wp\/v2\/media\/19930"}],"wp:attachment":[{"href":"https:\/\/alcierrenoticias.com\/index.php\/wp-json\/wp\/v2\/media?parent=19929"}],"wp:term":[{"taxonomy":"category","embeddable":true,"href":"https:\/\/alcierrenoticias.com\/index.php\/wp-json\/wp\/v2\/categories?post=19929"},{"taxonomy":"post_tag","embeddable":true,"href":"https:\/\/alcierrenoticias.com\/index.php\/wp-json\/wp\/v2\/tags?post=19929"}],"curies":[{"name":"wp","href":"https:\/\/api.w.org\/{rel}","templated":true}]}}