{"id":19925,"date":"2026-01-16T13:17:29","date_gmt":"2026-01-16T19:17:29","guid":{"rendered":"https:\/\/alcierrenoticias.com\/?p=19925"},"modified":"2026-01-16T15:10:20","modified_gmt":"2026-01-16T21:10:20","slug":"invitan-en-meoqui-al-6-o-conteo-latinoamericano-de-aves-urbanas-este-domingo-18-de-enero","status":"publish","type":"post","link":"https:\/\/alcierrenoticias.com\/index.php\/2026\/01\/16\/invitan-en-meoqui-al-6-o-conteo-latinoamericano-de-aves-urbanas-este-domingo-18-de-enero\/","title":{"rendered":"Invitan en Meoqui al 6.\u00ba Conteo Latinoamericano de Aves Urbanas este domingo 18 de enero."},"content":{"rendered":"<p>Ser\u00e1 un evento totalmente familiar y gratuito para registrar, observar y disfrutar a las aves<\/p>\n<p>Gobierno Municipal de Meoqui, a trav\u00e9s de la Direcci\u00f3n de Desarrollo Urbano y Ecolog\u00eda, realiza la invitaci\u00f3n a la ciudadan\u00eda meoquense y de la Regi\u00f3n Centro Sur a participar en el 6to Conteo Latinoamericano de Aves Urbanas, que se llevar\u00e1 a cabo en el Vado de Meoqui el pr\u00f3ximo domingo 18 de enero con un horario de 9:00 a 11:00 de la ma\u00f1ana, el cual, es completamente gratuito, y que quienes deseen registrarse previamente pueden hacerlo comunic\u00e1ndose al tel\u00e9fono 639-173-4316 con el Doctor Fernando Mondaca.<\/p>\n<p>\u201cSomos afortunados de contar con tantas especies en el municipio. Invitamos a las familias a observarlas, respetarlas y disfrutar de esta actividad que tambi\u00e9n promueve el ejercicio y el contacto con la naturaleza, este conteo forma parte de una iniciativa a nivel latinoamericano, organizada por PAU Meoqui-Delicias, la cual permite a la ciudadan\u00eda observar, registrar y disfrutar de las aves que conviven en las zonas urbanas de la regi\u00f3n centro-sur\u201d mencion\u00f3 Hassem Pe\u00f1a, Director de Desarrollo Urbano y Ecolog\u00eda.<\/p>\n<p>Cabe recordar que el Municipio de Meoqui cuenta con una gran diversidad de especies, gracias a su riqueza natural, especialmente por el Humedal Sitio Ramsar 2047, considerado de importancia internacional, con aproximadamente 18 kil\u00f3metros de longitud, as\u00ed como diversos espejos de agua que funcionan como sitio de descanso para aves migratorias que visitan el municipio a\u00f1o con a\u00f1o.<\/p>\n","protected":false},"excerpt":{"rendered":"<p>Ser\u00e1 un evento totalmente familiar y gratuito para registrar, observar y disfrutar a las aves Gobierno Municipal de Meoqui, a trav\u00e9s de la Direcci\u00f3n de Desarrollo Urbano y Ecolog\u00eda, realiza la invitaci\u00f3n a la ciudadan\u00eda meoquense y de la Regi\u00f3n Centro Sur a participar en el 6to Conteo Latinoamericano de Aves Urbanas, que se llevar\u00e1 a cabo en el Vado de Meoqui el pr\u00f3ximo domingo 18 de enero con un horario de 9:00 a 11:00 de la ma\u00f1ana, el cual, es completamente gratuito, y que quienes deseen registrarse previamente pueden hacerlo comunic\u00e1ndose al tel\u00e9fono 639-173-4316 con el Doctor Fernando Mondaca. \u201cSomos afortunados de contar con tantas especies en el municipio. Invitamos a las familias a observarlas, respetarlas y disfrutar de esta actividad que tambi\u00e9n promueve el ejercicio y el contacto con la naturaleza, este conteo forma parte de una iniciativa a nivel latinoamericano, organizada por PAU Meoqui-Delicias, la cual permite a la ciudadan\u00eda observar, registrar y disfrutar de las aves que conviven en las zonas urbanas de la regi\u00f3n centro-sur\u201d mencion\u00f3 Hassem Pe\u00f1a, Director de Desarrollo Urbano y Ecolog\u00eda. Cabe recordar que el Municipio de Meoqui cuenta con una gran diversidad de especies, gracias a su riqueza natural, especialmente por el Humedal Sitio Ramsar 2047, considerado de importancia internacional, con aproximadamente 18 kil\u00f3metros de longitud, as\u00ed como diversos espejos de agua que funcionan como sitio de descanso para aves migratorias que visitan el municipio a\u00f1o con a\u00f1o.<\/p>\n","protected":false},"author":2,"featured_media":19926,"comment_status":"open","ping_status":"open","sticky":false,"template":"","format":"standard","meta":{"_monsterinsights_skip_tracking":false,"_monsterinsights_sitenote_active":false,"_monsterinsights_sitenote_note":"","_monsterinsights_sitenote_category":0,"advanced_seo_description":"","jetpack_seo_html_title":"","jetpack_seo_noindex":false,"_jetpack_memberships_contains_paid_content":false,"footnotes":"","jetpack_publicize_message":"","jetpack_publicize_feature_enabled":true,"jetpack_social_post_already_shared":true,"jetpack_social_options":{"image_generator_settings":{"template":"highway","enabled":false},"version":2}},"categories":[135,7,11],"tags":[],"class_list":["post-19925","post","type-post","status-publish","format-standard","has-post-thumbnail","hentry","category-lo-mas-leido","category-local","category-principal"],"jetpack_publicize_connections":[],"jetpack_sharing_enabled":true,"jetpack_featured_media_url":"https:\/\/i0.wp.com\/alcierrenoticias.com\/wp-content\/uploads\/2026\/01\/WhatsApp-Image-2026-01-16-at-1.08.03-PM.jpeg?fit=1600%2C903&ssl=1","amp_enabled":true,"_links":{"self":[{"href":"https:\/\/alcierrenoticias.com\/index.php\/wp-json\/wp\/v2\/posts\/19925","targetHints":{"allow":["GET"]}}],"collection":[{"href":"https:\/\/alcierrenoticias.com\/index.php\/wp-json\/wp\/v2\/posts"}],"about":[{"href":"https:\/\/alcierrenoticias.com\/index.php\/wp-json\/wp\/v2\/types\/post"}],"author":[{"embeddable":true,"href":"https:\/\/alcierrenoticias.com\/index.php\/wp-json\/wp\/v2\/users\/2"}],"replies":[{"embeddable":true,"href":"https:\/\/alcierrenoticias.com\/index.php\/wp-json\/wp\/v2\/comments?post=19925"}],"version-history":[{"count":2,"href":"https:\/\/alcierrenoticias.com\/index.php\/wp-json\/wp\/v2\/posts\/19925\/revisions"}],"predecessor-version":[{"id":19928,"href":"https:\/\/alcierrenoticias.com\/index.php\/wp-json\/wp\/v2\/posts\/19925\/revisions\/19928"}],"wp:featuredmedia":[{"embeddable":true,"href":"https:\/\/alcierrenoticias.com\/index.php\/wp-json\/wp\/v2\/media\/19926"}],"wp:attachment":[{"href":"https:\/\/alcierrenoticias.com\/index.php\/wp-json\/wp\/v2\/media?parent=19925"}],"wp:term":[{"taxonomy":"category","embeddable":true,"href":"https:\/\/alcierrenoticias.com\/index.php\/wp-json\/wp\/v2\/categories?post=19925"},{"taxonomy":"post_tag","embeddable":true,"href":"https:\/\/alcierrenoticias.com\/index.php\/wp-json\/wp\/v2\/tags?post=19925"}],"curies":[{"name":"wp","href":"https:\/\/api.w.org\/{rel}","templated":true}]}}