{"id":19902,"date":"2026-01-15T15:07:39","date_gmt":"2026-01-15T21:07:39","guid":{"rendered":"https:\/\/alcierrenoticias.com\/?p=19902"},"modified":"2026-01-16T14:39:36","modified_gmt":"2026-01-16T20:39:36","slug":"mtro-filiberto-ramirez-y-hermanos-kaarl-destacados-musicos-y-compositores-meoquenses-que-han-traspasado-fronteras","status":"publish","type":"post","link":"https:\/\/alcierrenoticias.com\/index.php\/2026\/01\/15\/mtro-filiberto-ramirez-y-hermanos-kaarl-destacados-musicos-y-compositores-meoquenses-que-han-traspasado-fronteras\/","title":{"rendered":"Mtro. Filiberto Ram\u00edrez y Hermanos Kaarl, destacados m\u00fasicos y compositores meoquenses que han traspasado fronteras."},"content":{"rendered":"<p>Meoqui es cuna de grandes talentos musicales que han llevado el nombre del municipio a escenarios nacionales e internacionales, dejando huella en la m\u00fasica cl\u00e1sica y en el folk e indie alternativo<\/p>\n<p>El municipio de Meoqui se distingue por ser semillero de grandes talentos musicales que han logrado trascender fronteras y posicionar el nombre de esta tierra a nivel nacional e internacional. Tal es el caso del Mtro. Filiberto Ram\u00edrez Franco, m\u00fasico y compositor de talla mundial, as\u00ed como de los hermanos Kevin y Bryan Kaarl, artistas contempor\u00e1neos reconocidos por millones de seguidores alrededor del mundo.<\/p>\n<p>En el marco del D\u00eda del Compositor, el Gobierno Municipal de Meoqui, a trav\u00e9s de la Direcci\u00f3n de Promoci\u00f3n de Identidad Regional e Historia, record\u00f3 el legado del Mtro. Filiberto Ram\u00edrez Franco, orgullo meoquense y figura fundamental de la m\u00fasica cl\u00e1sica mexicana.<\/p>\n<p>Nacido en Meoqui el 18 de febrero de 1919 y fallecido el 24 de septiembre del 2001 en la Ciudad de M\u00e9xico, Filiberto Ram\u00edrez Franco fue profesor, compositor y director de la Escuela Nacional de M\u00fasica de la UNAM de 1968 a 1972, instituci\u00f3n en la que impuls\u00f3 una profunda renovaci\u00f3n del plan de estudios, logrando posicionar a M\u00e9xico en un nivel internacional.<\/p>\n<p>Desde los 12 a\u00f1os inici\u00f3 su formaci\u00f3n musical en el piano, inspirado por las composiciones de Johann Sebasti\u00e1n Bach y bajo la tutela de grandes maestros como Juli\u00e1n Carrillo. En 1949 compuso su primera obra, Concierto para piano y orquesta Op. 1, dando inicio a una prol\u00edfica carrera que dej\u00f3 un legado de m\u00e1s de 80 obras musicales y 19 cuadernos de composici\u00f3n.<\/p>\n<p>Entre sus composiciones m\u00e1s importantes se encuentran:<\/p>\n<p>Sinfon\u00eda No. 1 Festiva<br \/>\nSinfon\u00eda No. 2 en La Mayor Norte\u00f1a Op. 4<br \/>\nChihuahua 1910<br \/>\nSeis Hexafon\u00edas<br \/>\nSinfonista Mexicana<br \/>\nUn d\u00eda en la vida de un ni\u00f1o<br \/>\nVariaciones concertantes sobre naranja dulce<\/p>\n<p>Sus obras, escritas bajo t\u00e9cnicas de dodecafon\u00eda serial, pentaf\u00f3nica, politonalidad y atonalidad, le valieron importantes reconocimientos, entre ellos la Medalla Oficial de Oro otorgada por el Gobierno de Bulgaria en 1981 y la Medalla Conmemorativa por los 1300 a\u00f1os del Estado de Bulgaria. En 2012, el Congreso del Estado de Chihuahua lo declar\u00f3 Chihuahuense Distinguido, y ese mismo a\u00f1o el Ayuntamiento de Meoqui nombr\u00f3 en su honor el Teatro de la Ciudad \u201cMtro. Filiberto Ram\u00edrez Franco\u201d. Su viuda, la virtuosa pianista Ninfa Calvario, ha visitado Meoqui en m\u00faltiples ocasiones para ofrecer conciertos y mantener vivo su legado musical.<\/p>\n<p>Por otra parte, Meoqui tambi\u00e9n es tierra de talento contempor\u00e1neo con proyecci\u00f3n internacional. Los gemelos Kevin y Bryan Kaarl, originarios de esta regi\u00f3n, son hoy referentes del folk e indie alternativo, con millones de reproducciones en plataformas como YouTube y Spotify.<\/p>\n<p>Iniciaron su camino en la m\u00fasica desde los 6 a\u00f1os y pasaron parte de su vida en la comunidad de Nuevo San Lucas, a la que rinden homenaje con la canci\u00f3n \u201cSan Lucas\u201d, una de las m\u00e1s queridas por sus seguidores y que supera los 60 millones de reproducciones, poniendo a esta comunidad de Meoqui en la mirada del mundo.<\/p>\n<p>Kevin Kaarl, como solista, se ha presentado en importantes escenarios y festivales como Tecate Pa\u2019l Norte, Auditorio Nacional, Coachella, y recientemente, fue reconocido por la revista Rolling Stone con el puesto n\u00famero 2, de la lista de \u00e1lbumes en espa\u00f1ol del 2025 con su disco \u201cUltra Sodade\u201d, por arriba de Natalia Lafourcade, Bad Bunny, Rosal\u00eda, por mencionar algunos, siendo solo superado por MILO J, consolid\u00e1ndose como uno de los artistas mexicanos con mayor proyecci\u00f3n global.<\/p>\n<p>Hoy, el Gobierno Municipal de Meoqui reconoce con orgullo a estos grandes exponentes de la m\u00fasica que, desde distintos g\u00e9neros y generaciones, han llevado el nombre de su tierra natal m\u00e1s all\u00e1 de las fronteras.<\/p>\n","protected":false},"excerpt":{"rendered":"<p>Meoqui es cuna de grandes talentos musicales que han llevado el nombre del municipio a escenarios nacionales e internacionales, dejando huella en la m\u00fasica cl\u00e1sica y en el folk e indie alternativo El municipio de Meoqui se distingue por ser semillero de grandes talentos musicales que han logrado trascender fronteras y posicionar el nombre de esta tierra a nivel nacional e internacional. Tal es el caso del Mtro. Filiberto Ram\u00edrez Franco, m\u00fasico y compositor de talla mundial, as\u00ed como de los hermanos Kevin y Bryan Kaarl, artistas contempor\u00e1neos reconocidos por millones de seguidores alrededor del mundo. En el marco del D\u00eda del Compositor, el Gobierno Municipal de Meoqui, a trav\u00e9s de la Direcci\u00f3n de Promoci\u00f3n de Identidad Regional e Historia, record\u00f3 el legado del Mtro. Filiberto Ram\u00edrez Franco, orgullo meoquense y figura fundamental de la m\u00fasica cl\u00e1sica mexicana. Nacido en Meoqui el 18 de febrero de 1919 y fallecido el 24 de septiembre del 2001 en la Ciudad de M\u00e9xico, Filiberto Ram\u00edrez Franco fue profesor, compositor y director de la Escuela Nacional de M\u00fasica de la UNAM de 1968 a 1972, instituci\u00f3n en la que impuls\u00f3 una profunda renovaci\u00f3n del plan de estudios, logrando posicionar a M\u00e9xico en un nivel internacional. Desde los 12 a\u00f1os inici\u00f3 su formaci\u00f3n musical en el piano, inspirado por las composiciones de Johann Sebasti\u00e1n Bach y bajo la tutela de grandes maestros como Juli\u00e1n Carrillo. En 1949 compuso su primera obra, Concierto para piano y orquesta Op. 1, dando inicio a una prol\u00edfica carrera que dej\u00f3 un legado de m\u00e1s de 80 obras musicales y 19 cuadernos de composici\u00f3n. Entre sus composiciones m\u00e1s importantes se encuentran: Sinfon\u00eda No. 1 Festiva Sinfon\u00eda No. 2 en La Mayor Norte\u00f1a Op. 4 Chihuahua 1910 Seis Hexafon\u00edas Sinfonista Mexicana Un d\u00eda en la vida de un ni\u00f1o Variaciones concertantes sobre naranja dulce Sus obras, escritas bajo t\u00e9cnicas de dodecafon\u00eda serial, pentaf\u00f3nica, politonalidad y atonalidad, le valieron importantes reconocimientos, entre ellos la Medalla Oficial de Oro otorgada por el Gobierno de Bulgaria en 1981 y la Medalla Conmemorativa por los 1300 a\u00f1os del Estado de Bulgaria. En 2012, el Congreso del Estado de Chihuahua lo declar\u00f3 Chihuahuense Distinguido, y ese mismo a\u00f1o el Ayuntamiento de Meoqui nombr\u00f3 en su honor el Teatro de la Ciudad \u201cMtro. Filiberto Ram\u00edrez Franco\u201d. Su viuda, la virtuosa pianista Ninfa Calvario, ha visitado Meoqui en m\u00faltiples ocasiones para ofrecer conciertos y mantener vivo su legado musical. Por otra parte, Meoqui tambi\u00e9n es tierra de talento contempor\u00e1neo con proyecci\u00f3n internacional. Los gemelos Kevin y Bryan Kaarl, originarios de esta regi\u00f3n, son hoy referentes del folk e indie alternativo, con millones de reproducciones en plataformas como YouTube y Spotify. Iniciaron su camino en la m\u00fasica desde los 6 a\u00f1os y pasaron parte de su vida en la comunidad de Nuevo San Lucas, a la que rinden homenaje con la canci\u00f3n \u201cSan Lucas\u201d, una de las m\u00e1s queridas por sus seguidores y que supera los 60 millones de reproducciones, poniendo a esta comunidad de Meoqui en la mirada del mundo. Kevin Kaarl, como solista, se ha presentado en importantes escenarios y festivales como Tecate Pa\u2019l Norte, Auditorio Nacional, Coachella, y recientemente, fue reconocido por la revista Rolling Stone con el puesto n\u00famero 2, de la lista de \u00e1lbumes en espa\u00f1ol del 2025 con su disco \u201cUltra Sodade\u201d, por arriba de Natalia Lafourcade, Bad Bunny, Rosal\u00eda, por mencionar algunos, siendo solo superado por MILO J, consolid\u00e1ndose como uno de los artistas mexicanos con mayor proyecci\u00f3n global. Hoy, el Gobierno Municipal de Meoqui reconoce con orgullo a estos grandes exponentes de la m\u00fasica que, desde distintos g\u00e9neros y generaciones, han llevado el nombre de su tierra natal m\u00e1s all\u00e1 de las fronteras.<\/p>\n","protected":false},"author":2,"featured_media":19903,"comment_status":"open","ping_status":"open","sticky":false,"template":"","format":"standard","meta":{"_monsterinsights_skip_tracking":false,"_monsterinsights_sitenote_active":false,"_monsterinsights_sitenote_note":"","_monsterinsights_sitenote_category":0,"advanced_seo_description":"","jetpack_seo_html_title":"","jetpack_seo_noindex":false,"_jetpack_memberships_contains_paid_content":false,"footnotes":"","jetpack_publicize_message":"","jetpack_publicize_feature_enabled":true,"jetpack_social_post_already_shared":true,"jetpack_social_options":{"image_generator_settings":{"template":"highway","enabled":false},"version":2}},"categories":[135,7,11],"tags":[],"class_list":["post-19902","post","type-post","status-publish","format-standard","has-post-thumbnail","hentry","category-lo-mas-leido","category-local","category-principal"],"jetpack_publicize_connections":[],"jetpack_sharing_enabled":true,"jetpack_featured_media_url":"https:\/\/i0.wp.com\/alcierrenoticias.com\/wp-content\/uploads\/2026\/01\/WhatsApp-Image-2026-01-15-at-2.46.39-PM-1-e1768595908754.jpeg?fit=600%2C601&ssl=1","amp_enabled":true,"_links":{"self":[{"href":"https:\/\/alcierrenoticias.com\/index.php\/wp-json\/wp\/v2\/posts\/19902","targetHints":{"allow":["GET"]}}],"collection":[{"href":"https:\/\/alcierrenoticias.com\/index.php\/wp-json\/wp\/v2\/posts"}],"about":[{"href":"https:\/\/alcierrenoticias.com\/index.php\/wp-json\/wp\/v2\/types\/post"}],"author":[{"embeddable":true,"href":"https:\/\/alcierrenoticias.com\/index.php\/wp-json\/wp\/v2\/users\/2"}],"replies":[{"embeddable":true,"href":"https:\/\/alcierrenoticias.com\/index.php\/wp-json\/wp\/v2\/comments?post=19902"}],"version-history":[{"count":1,"href":"https:\/\/alcierrenoticias.com\/index.php\/wp-json\/wp\/v2\/posts\/19902\/revisions"}],"predecessor-version":[{"id":19904,"href":"https:\/\/alcierrenoticias.com\/index.php\/wp-json\/wp\/v2\/posts\/19902\/revisions\/19904"}],"wp:featuredmedia":[{"embeddable":true,"href":"https:\/\/alcierrenoticias.com\/index.php\/wp-json\/wp\/v2\/media\/19903"}],"wp:attachment":[{"href":"https:\/\/alcierrenoticias.com\/index.php\/wp-json\/wp\/v2\/media?parent=19902"}],"wp:term":[{"taxonomy":"category","embeddable":true,"href":"https:\/\/alcierrenoticias.com\/index.php\/wp-json\/wp\/v2\/categories?post=19902"},{"taxonomy":"post_tag","embeddable":true,"href":"https:\/\/alcierrenoticias.com\/index.php\/wp-json\/wp\/v2\/tags?post=19902"}],"curies":[{"name":"wp","href":"https:\/\/api.w.org\/{rel}","templated":true}]}}