{"id":19871,"date":"2026-01-14T16:50:44","date_gmt":"2026-01-14T22:50:44","guid":{"rendered":"https:\/\/alcierrenoticias.com\/?p=19871"},"modified":"2026-01-15T00:04:29","modified_gmt":"2026-01-15T06:04:29","slug":"jorge-aldana-arranca-rehabilitacion-de-la-unidad-deportiva-de-la-laguna-proyecto-ganador-del-presupuesto-participativo-sector-rural","status":"publish","type":"post","link":"https:\/\/alcierrenoticias.com\/index.php\/2026\/01\/14\/jorge-aldana-arranca-rehabilitacion-de-la-unidad-deportiva-de-la-laguna-proyecto-ganador-del-presupuesto-participativo-sector-rural\/","title":{"rendered":"Jorge Aldana arranca rehabilitaci\u00f3n de la Unidad Deportiva de La Laguna, proyecto ganador del Presupuesto Participativo sector rural."},"content":{"rendered":"<p>Como resultado del trabajo cercano con la gente y de la participaci\u00f3n ciudadana, el alcalde Jorge Aldana dio inicio a la rehabilitaci\u00f3n de la Unidad Deportiva de la comunidad de La Laguna, un proyecto ganador del Presupuesto Participativo 2025 y uno de los m\u00e1s solicitados por los habitantes.<\/p>\n<p>Esta obra se llevar\u00e1 a cabo conforme a sus especificaciones y representa una inversi\u00f3n directa en el bienestar de las familias. La rehabilitaci\u00f3n contempla una cancha de f\u00fatbol de pasto sint\u00e9tico, aparatos deportivos y juegos infantiles, logrando una transformaci\u00f3n integral del espacio.<\/p>\n<p>Adem\u00e1s, como parte de una atenci\u00f3n integral a la comunidad, la Direcci\u00f3n de Desarrollo Humano realiz\u00f3 la entrega de focos LED ahorradores y la Direcci\u00f3n de Desarrollo Rural entreg\u00f3 pl\u00e1ntulas para hortaliza, apoyos que fortalecen la econom\u00eda familiar y promueven el desarrollo local.<\/p>\n<p>Con estas acciones, la Unidad Deportiva de La Laguna se convertir\u00e1 en un nuevo punto de encuentro que impulsar\u00e1 el deporte, la convivencia y la calidad de vida.<\/p>\n<p>El alcalde Jorge Aldana reafirm\u00f3 que su gobierno seguir\u00e1 cumpliendo compromisos y sumando resultados, escuchando y atendiendo las peticiones de la gente en cada rinc\u00f3n de Camargo.<\/p>\n","protected":false},"excerpt":{"rendered":"<p>Como resultado del trabajo cercano con la gente y de la participaci\u00f3n ciudadana, el alcalde Jorge Aldana dio inicio a la rehabilitaci\u00f3n de la Unidad Deportiva de la comunidad de La Laguna, un proyecto ganador del Presupuesto Participativo 2025 y uno de los m\u00e1s solicitados por los habitantes. Esta obra se llevar\u00e1 a cabo conforme a sus especificaciones y representa una inversi\u00f3n directa en el bienestar de las familias. La rehabilitaci\u00f3n contempla una cancha de f\u00fatbol de pasto sint\u00e9tico, aparatos deportivos y juegos infantiles, logrando una transformaci\u00f3n integral del espacio. Adem\u00e1s, como parte de una atenci\u00f3n integral a la comunidad, la Direcci\u00f3n de Desarrollo Humano realiz\u00f3 la entrega de focos LED ahorradores y la Direcci\u00f3n de Desarrollo Rural entreg\u00f3 pl\u00e1ntulas para hortaliza, apoyos que fortalecen la econom\u00eda familiar y promueven el desarrollo local. Con estas acciones, la Unidad Deportiva de La Laguna se convertir\u00e1 en un nuevo punto de encuentro que impulsar\u00e1 el deporte, la convivencia y la calidad de vida. El alcalde Jorge Aldana reafirm\u00f3 que su gobierno seguir\u00e1 cumpliendo compromisos y sumando resultados, escuchando y atendiendo las peticiones de la gente en cada rinc\u00f3n de Camargo.<\/p>\n","protected":false},"author":2,"featured_media":19872,"comment_status":"open","ping_status":"open","sticky":false,"template":"","format":"standard","meta":{"_monsterinsights_skip_tracking":false,"_monsterinsights_sitenote_active":false,"_monsterinsights_sitenote_note":"","_monsterinsights_sitenote_category":0,"advanced_seo_description":"","jetpack_seo_html_title":"","jetpack_seo_noindex":false,"_jetpack_memberships_contains_paid_content":false,"footnotes":"","jetpack_publicize_message":"","jetpack_publicize_feature_enabled":true,"jetpack_social_post_already_shared":true,"jetpack_social_options":{"image_generator_settings":{"template":"highway","enabled":false},"version":2}},"categories":[8,135,11],"tags":[],"class_list":["post-19871","post","type-post","status-publish","format-standard","has-post-thumbnail","hentry","category-estado","category-lo-mas-leido","category-principal"],"jetpack_publicize_connections":[],"jetpack_sharing_enabled":true,"jetpack_featured_media_url":"https:\/\/i0.wp.com\/alcierrenoticias.com\/wp-content\/uploads\/2026\/01\/WhatsApp-Image-2026-01-14-at-4.44.53-PM.jpeg?fit=1600%2C900&ssl=1","amp_enabled":true,"_links":{"self":[{"href":"https:\/\/alcierrenoticias.com\/index.php\/wp-json\/wp\/v2\/posts\/19871","targetHints":{"allow":["GET"]}}],"collection":[{"href":"https:\/\/alcierrenoticias.com\/index.php\/wp-json\/wp\/v2\/posts"}],"about":[{"href":"https:\/\/alcierrenoticias.com\/index.php\/wp-json\/wp\/v2\/types\/post"}],"author":[{"embeddable":true,"href":"https:\/\/alcierrenoticias.com\/index.php\/wp-json\/wp\/v2\/users\/2"}],"replies":[{"embeddable":true,"href":"https:\/\/alcierrenoticias.com\/index.php\/wp-json\/wp\/v2\/comments?post=19871"}],"version-history":[{"count":2,"href":"https:\/\/alcierrenoticias.com\/index.php\/wp-json\/wp\/v2\/posts\/19871\/revisions"}],"predecessor-version":[{"id":19874,"href":"https:\/\/alcierrenoticias.com\/index.php\/wp-json\/wp\/v2\/posts\/19871\/revisions\/19874"}],"wp:featuredmedia":[{"embeddable":true,"href":"https:\/\/alcierrenoticias.com\/index.php\/wp-json\/wp\/v2\/media\/19872"}],"wp:attachment":[{"href":"https:\/\/alcierrenoticias.com\/index.php\/wp-json\/wp\/v2\/media?parent=19871"}],"wp:term":[{"taxonomy":"category","embeddable":true,"href":"https:\/\/alcierrenoticias.com\/index.php\/wp-json\/wp\/v2\/categories?post=19871"},{"taxonomy":"post_tag","embeddable":true,"href":"https:\/\/alcierrenoticias.com\/index.php\/wp-json\/wp\/v2\/tags?post=19871"}],"curies":[{"name":"wp","href":"https:\/\/api.w.org\/{rel}","templated":true}]}}