{"id":19830,"date":"2026-01-12T14:39:12","date_gmt":"2026-01-12T20:39:12","guid":{"rendered":"https:\/\/alcierrenoticias.com\/?p=19830"},"modified":"2026-01-12T15:41:31","modified_gmt":"2026-01-12T21:41:31","slug":"supervisa-valenciano-albergue-municipal-para-atender-a-personas-y-familias-vulnerables","status":"publish","type":"post","link":"https:\/\/alcierrenoticias.com\/index.php\/2026\/01\/12\/supervisa-valenciano-albergue-municipal-para-atender-a-personas-y-familias-vulnerables\/","title":{"rendered":"Supervisa Valenciano albergue municipal para atender a personas y familias vulnerables."},"content":{"rendered":"<p>El presidente municipal Jes\u00fas Valenciano Garc\u00eda realiz\u00f3 un recorrido de supervisi\u00f3n por el albergue de jornaleros, con el objetivo de verificar que las instalaciones y los servicios se encuentren en buenas condiciones para atender a personas en situaci\u00f3n vulnerable durante la temporada de fr\u00edo. En la visita estuvo acompa\u00f1ado por el director de Desarrollo Humano y Bien Com\u00fan, Enrique Valenzuela L\u00f3pez, as\u00ed como por Mario Humberto Issa Sevilla, presidente del Consejo de Desarrollo Humano.<\/p>\n<p>Durante el recorrido, el alcalde destac\u00f3 que esta revisi\u00f3n es una tarea permanente en esta \u00e9poca del a\u00f1o, con el fin de garantizar que todo funcione de manera adecuada. Reconoci\u00f3 el trabajo del responsable del albergue y el equipo que se encargar de mantenerlo en las condiciones necesarias para recibir a quienes lo requieran, especialmente ante las bajas temperaturas que se presentan en la regi\u00f3n.<\/p>\n<p>Se inform\u00f3 que el albergue cuenta con 28 cuartos familiares, de los cuales actualmente cinco se encuentran ocupados por familias de la etnia rar\u00e1muri. Adem\u00e1s, existen \u00e1reas compartidas destinadas a personas que llegan solas; actualmente se encuentra ocupada el \u00e1rea de hombres, con siete personas alojadas, mientras que hay 23 cuartos disponibles para recibir a m\u00e1s familias o personas que lo necesiten.<\/p>\n<p>Cada cuarto est\u00e1 equipado con lavamanos, parrilla para preparar alimentos y cuatro literas, lo que permite ofrecer un espacio digno y funcional. El presidente municipal reiter\u00f3 que el albergue est\u00e1 abierto para cualquier persona o familia que atraviese una situaci\u00f3n complicada y requiera un lugar para pernoctar, alimentaci\u00f3n y apoyo mientras logra incorporarse a alguna actividad laboral.<\/p>\n<p>Finalmente, Jes\u00fas Valenciano hizo un llamado a la ciudadan\u00eda a sumarse como aliados, informando sobre personas en situaci\u00f3n de calle o familias que necesiten apoyo, ya sea a trav\u00e9s del 911 o de manera directa. Se\u00f1al\u00f3 que Seguridad P\u00fablica y Protecci\u00f3n Civil mantendr\u00e1n rondines constantes en las zonas donde se detecta mayor necesidad, e invit\u00f3 a la poblaci\u00f3n a abrigar bien a ni\u00f1as, ni\u00f1os y adultos mayores, reiterando el compromiso del Gobierno Municipal de estar atento y cercano a quienes m\u00e1s lo necesitan.<\/p>\n","protected":false},"excerpt":{"rendered":"<p>El presidente municipal Jes\u00fas Valenciano Garc\u00eda realiz\u00f3 un recorrido de supervisi\u00f3n por el albergue de jornaleros, con el objetivo de verificar que las instalaciones y los servicios se encuentren en buenas condiciones para atender a personas en situaci\u00f3n vulnerable durante la temporada de fr\u00edo. En la visita estuvo acompa\u00f1ado por el director de Desarrollo Humano y Bien Com\u00fan, Enrique Valenzuela L\u00f3pez, as\u00ed como por Mario Humberto Issa Sevilla, presidente del Consejo de Desarrollo Humano. Durante el recorrido, el alcalde destac\u00f3 que esta revisi\u00f3n es una tarea permanente en esta \u00e9poca del a\u00f1o, con el fin de garantizar que todo funcione de manera adecuada. Reconoci\u00f3 el trabajo del responsable del albergue y el equipo que se encargar de mantenerlo en las condiciones necesarias para recibir a quienes lo requieran, especialmente ante las bajas temperaturas que se presentan en la regi\u00f3n. Se inform\u00f3 que el albergue cuenta con 28 cuartos familiares, de los cuales actualmente cinco se encuentran ocupados por familias de la etnia rar\u00e1muri. Adem\u00e1s, existen \u00e1reas compartidas destinadas a personas que llegan solas; actualmente se encuentra ocupada el \u00e1rea de hombres, con siete personas alojadas, mientras que hay 23 cuartos disponibles para recibir a m\u00e1s familias o personas que lo necesiten. Cada cuarto est\u00e1 equipado con lavamanos, parrilla para preparar alimentos y cuatro literas, lo que permite ofrecer un espacio digno y funcional. El presidente municipal reiter\u00f3 que el albergue est\u00e1 abierto para cualquier persona o familia que atraviese una situaci\u00f3n complicada y requiera un lugar para pernoctar, alimentaci\u00f3n y apoyo mientras logra incorporarse a alguna actividad laboral. Finalmente, Jes\u00fas Valenciano hizo un llamado a la ciudadan\u00eda a sumarse como aliados, informando sobre personas en situaci\u00f3n de calle o familias que necesiten apoyo, ya sea a trav\u00e9s del 911 o de manera directa. Se\u00f1al\u00f3 que Seguridad P\u00fablica y Protecci\u00f3n Civil mantendr\u00e1n rondines constantes en las zonas donde se detecta mayor necesidad, e invit\u00f3 a la poblaci\u00f3n a abrigar bien a ni\u00f1as, ni\u00f1os y adultos mayores, reiterando el compromiso del Gobierno Municipal de estar atento y cercano a quienes m\u00e1s lo necesitan.<\/p>\n","protected":false},"author":2,"featured_media":19831,"comment_status":"open","ping_status":"open","sticky":false,"template":"","format":"standard","meta":{"_monsterinsights_skip_tracking":false,"_monsterinsights_sitenote_active":false,"_monsterinsights_sitenote_note":"","_monsterinsights_sitenote_category":0,"advanced_seo_description":"","jetpack_seo_html_title":"","jetpack_seo_noindex":false,"_jetpack_memberships_contains_paid_content":false,"footnotes":"","jetpack_publicize_message":"","jetpack_publicize_feature_enabled":true,"jetpack_social_post_already_shared":true,"jetpack_social_options":{"image_generator_settings":{"template":"highway","enabled":false},"version":2}},"categories":[135,7,11],"tags":[],"class_list":["post-19830","post","type-post","status-publish","format-standard","has-post-thumbnail","hentry","category-lo-mas-leido","category-local","category-principal"],"jetpack_publicize_connections":[],"jetpack_sharing_enabled":true,"jetpack_featured_media_url":"https:\/\/i0.wp.com\/alcierrenoticias.com\/wp-content\/uploads\/2026\/01\/WhatsApp-Image-2026-01-12-at-2.18.16-PM.jpeg?fit=1600%2C1066&ssl=1","amp_enabled":true,"_links":{"self":[{"href":"https:\/\/alcierrenoticias.com\/index.php\/wp-json\/wp\/v2\/posts\/19830","targetHints":{"allow":["GET"]}}],"collection":[{"href":"https:\/\/alcierrenoticias.com\/index.php\/wp-json\/wp\/v2\/posts"}],"about":[{"href":"https:\/\/alcierrenoticias.com\/index.php\/wp-json\/wp\/v2\/types\/post"}],"author":[{"embeddable":true,"href":"https:\/\/alcierrenoticias.com\/index.php\/wp-json\/wp\/v2\/users\/2"}],"replies":[{"embeddable":true,"href":"https:\/\/alcierrenoticias.com\/index.php\/wp-json\/wp\/v2\/comments?post=19830"}],"version-history":[{"count":1,"href":"https:\/\/alcierrenoticias.com\/index.php\/wp-json\/wp\/v2\/posts\/19830\/revisions"}],"predecessor-version":[{"id":19832,"href":"https:\/\/alcierrenoticias.com\/index.php\/wp-json\/wp\/v2\/posts\/19830\/revisions\/19832"}],"wp:featuredmedia":[{"embeddable":true,"href":"https:\/\/alcierrenoticias.com\/index.php\/wp-json\/wp\/v2\/media\/19831"}],"wp:attachment":[{"href":"https:\/\/alcierrenoticias.com\/index.php\/wp-json\/wp\/v2\/media?parent=19830"}],"wp:term":[{"taxonomy":"category","embeddable":true,"href":"https:\/\/alcierrenoticias.com\/index.php\/wp-json\/wp\/v2\/categories?post=19830"},{"taxonomy":"post_tag","embeddable":true,"href":"https:\/\/alcierrenoticias.com\/index.php\/wp-json\/wp\/v2\/tags?post=19830"}],"curies":[{"name":"wp","href":"https:\/\/api.w.org\/{rel}","templated":true}]}}