{"id":19811,"date":"2026-01-11T20:45:52","date_gmt":"2026-01-12T02:45:52","guid":{"rendered":"https:\/\/alcierrenoticias.com\/?p=19811"},"modified":"2026-01-12T15:22:11","modified_gmt":"2026-01-12T21:22:11","slug":"encabeza-jesus-valenciano-festival-del-dia-de-reyes-que-reunio-a-cientos-de-familias","status":"publish","type":"post","link":"https:\/\/alcierrenoticias.com\/index.php\/2026\/01\/11\/encabeza-jesus-valenciano-festival-del-dia-de-reyes-que-reunio-a-cientos-de-familias\/","title":{"rendered":"Encabeza Jes\u00fas Valenciano festival del D\u00eda de Reyes que reuni\u00f3 a cientos de familias."},"content":{"rendered":"<p>La tarde de este domingo se llev\u00f3 a cabo el Festival del D\u00eda de Reyes en la Plaza Benito Ju\u00e1rez, donde cientos de ni\u00f1as, ni\u00f1os y familias se reunieron para disfrutar de una celebraci\u00f3n llena de alegr\u00eda, tradici\u00f3n y convivencia comunitaria.<\/p>\n<p>El evento fue encabezado por el presidente municipal, Jes\u00fas Valenciano, y su esposa Alma Limas de Valenciano, quienes adem\u00e1s de participar en la partida de la tradicional rosca de Reyes, enviaron un mensaje a las familias de Delicias, dese\u00e1ndoles bienestar, uni\u00f3n y un a\u00f1o lleno de esperanza y oportunidades.<\/p>\n<p>Durante el festejo se repartieron m\u00e1s de 80 metros de rosca entre los presentes, as\u00ed como la entrega de m\u00e1s de 3 mil juguetes, lo que gener\u00f3 sonrisas y momentos de emoci\u00f3n entre las y los menores que acudieron acompa\u00f1ados de sus familias.<\/p>\n<p>La celebraci\u00f3n cont\u00f3 con un programa art\u00edstico dirigido al p\u00fablico infantil y familiar, destacando la presentaci\u00f3n de un mago que sorprendi\u00f3 a los asistentes con sus actos, as\u00ed como el reconocido espect\u00e1culo de las Guerreras K-pop, que anim\u00f3 el ambiente con m\u00fasica y coreograf\u00edas.<\/p>\n<p>Autoridades municipales resaltaron que este tipo de eventos fortalecen el tejido social y preservan las tradiciones, reiterando el compromiso de seguir impulsando actividades que fomenten la convivencia, la uni\u00f3n familiar y el bienestar de la comunidad deliciense.<\/p>\n","protected":false},"excerpt":{"rendered":"<p>La tarde de este domingo se llev\u00f3 a cabo el Festival del D\u00eda de Reyes en la Plaza Benito Ju\u00e1rez, donde cientos de ni\u00f1as, ni\u00f1os y familias se reunieron para disfrutar de una celebraci\u00f3n llena de alegr\u00eda, tradici\u00f3n y convivencia comunitaria. El evento fue encabezado por el presidente municipal, Jes\u00fas Valenciano, y su esposa Alma Limas de Valenciano, quienes adem\u00e1s de participar en la partida de la tradicional rosca de Reyes, enviaron un mensaje a las familias de Delicias, dese\u00e1ndoles bienestar, uni\u00f3n y un a\u00f1o lleno de esperanza y oportunidades. Durante el festejo se repartieron m\u00e1s de 80 metros de rosca entre los presentes, as\u00ed como la entrega de m\u00e1s de 3 mil juguetes, lo que gener\u00f3 sonrisas y momentos de emoci\u00f3n entre las y los menores que acudieron acompa\u00f1ados de sus familias. La celebraci\u00f3n cont\u00f3 con un programa art\u00edstico dirigido al p\u00fablico infantil y familiar, destacando la presentaci\u00f3n de un mago que sorprendi\u00f3 a los asistentes con sus actos, as\u00ed como el reconocido espect\u00e1culo de las Guerreras K-pop, que anim\u00f3 el ambiente con m\u00fasica y coreograf\u00edas. Autoridades municipales resaltaron que este tipo de eventos fortalecen el tejido social y preservan las tradiciones, reiterando el compromiso de seguir impulsando actividades que fomenten la convivencia, la uni\u00f3n familiar y el bienestar de la comunidad deliciense.<\/p>\n","protected":false},"author":2,"featured_media":19812,"comment_status":"open","ping_status":"open","sticky":false,"template":"","format":"standard","meta":{"_monsterinsights_skip_tracking":false,"_monsterinsights_sitenote_active":false,"_monsterinsights_sitenote_note":"","_monsterinsights_sitenote_category":0,"advanced_seo_description":"","jetpack_seo_html_title":"","jetpack_seo_noindex":false,"_jetpack_memberships_contains_paid_content":false,"footnotes":"","jetpack_publicize_message":"","jetpack_publicize_feature_enabled":true,"jetpack_social_post_already_shared":true,"jetpack_social_options":{"image_generator_settings":{"template":"highway","enabled":false},"version":2}},"categories":[135,7,11],"tags":[],"class_list":["post-19811","post","type-post","status-publish","format-standard","has-post-thumbnail","hentry","category-lo-mas-leido","category-local","category-principal"],"jetpack_publicize_connections":[],"jetpack_sharing_enabled":true,"jetpack_featured_media_url":"https:\/\/i0.wp.com\/alcierrenoticias.com\/wp-content\/uploads\/2026\/01\/WhatsApp-Image-2026-01-11-at-8.36.35-PM.jpeg?fit=1280%2C854&ssl=1","amp_enabled":true,"_links":{"self":[{"href":"https:\/\/alcierrenoticias.com\/index.php\/wp-json\/wp\/v2\/posts\/19811","targetHints":{"allow":["GET"]}}],"collection":[{"href":"https:\/\/alcierrenoticias.com\/index.php\/wp-json\/wp\/v2\/posts"}],"about":[{"href":"https:\/\/alcierrenoticias.com\/index.php\/wp-json\/wp\/v2\/types\/post"}],"author":[{"embeddable":true,"href":"https:\/\/alcierrenoticias.com\/index.php\/wp-json\/wp\/v2\/users\/2"}],"replies":[{"embeddable":true,"href":"https:\/\/alcierrenoticias.com\/index.php\/wp-json\/wp\/v2\/comments?post=19811"}],"version-history":[{"count":2,"href":"https:\/\/alcierrenoticias.com\/index.php\/wp-json\/wp\/v2\/posts\/19811\/revisions"}],"predecessor-version":[{"id":19814,"href":"https:\/\/alcierrenoticias.com\/index.php\/wp-json\/wp\/v2\/posts\/19811\/revisions\/19814"}],"wp:featuredmedia":[{"embeddable":true,"href":"https:\/\/alcierrenoticias.com\/index.php\/wp-json\/wp\/v2\/media\/19812"}],"wp:attachment":[{"href":"https:\/\/alcierrenoticias.com\/index.php\/wp-json\/wp\/v2\/media?parent=19811"}],"wp:term":[{"taxonomy":"category","embeddable":true,"href":"https:\/\/alcierrenoticias.com\/index.php\/wp-json\/wp\/v2\/categories?post=19811"},{"taxonomy":"post_tag","embeddable":true,"href":"https:\/\/alcierrenoticias.com\/index.php\/wp-json\/wp\/v2\/tags?post=19811"}],"curies":[{"name":"wp","href":"https:\/\/api.w.org\/{rel}","templated":true}]}}