{"id":19807,"date":"2026-01-11T14:20:25","date_gmt":"2026-01-11T20:20:25","guid":{"rendered":"https:\/\/alcierrenoticias.com\/?p=19807"},"modified":"2026-01-12T15:17:40","modified_gmt":"2026-01-12T21:17:40","slug":"cambia-horarios-tienda-de-productos-regionales-hecho-en-meoqui","status":"publish","type":"post","link":"https:\/\/alcierrenoticias.com\/index.php\/2026\/01\/11\/cambia-horarios-tienda-de-productos-regionales-hecho-en-meoqui\/","title":{"rendered":"Cambia horarios tienda de productos regionales \u201cHecho en Meoqui\u201d."},"content":{"rendered":"<p>Atender\u00e1n a la ciudadan\u00eda los d\u00edas lunes, mi\u00e9rcoles, jueves, s\u00e1bado y domingo<\/p>\n<p>Con el objetivo de brindar una mejor atenci\u00f3n a la ciudadan\u00eda y fortalecer la comercializaci\u00f3n de productos locales, la tienda de productos regionales \u201cHecho en Meoqui\u201d modific\u00f3 sus horarios de operaci\u00f3n, como parte de una estrategia de mercado acordada con los productores del municipio, as\u00ed lo dio a conocer Alan Mata, director de Desarrollo Econ\u00f3mico y Turismo, quien inform\u00f3 que tras una reuni\u00f3n con los productores se tomaron acuerdos para mejorar el funcionamiento del establecimiento.<\/p>\n<p>A partir de ahora, la tienda abrir\u00e1 sus puertas los d\u00edas lunes, mi\u00e9rcoles, jueves, s\u00e1bado y domingo, descansando martes y viernes.<br \/>\nEl horario ser\u00e1 de 10:00 de la ma\u00f1ana a 1:00 de la tarde y de 3:00 a 6:00 de la tarde entre semana, mientras que s\u00e1bados y domingos contar\u00e1 con horario corrido de 10:00 de la ma\u00f1ana a 7:00 de la tarde.<\/p>\n<p>Alan Mata explic\u00f3 que esta modificaci\u00f3n responde a un an\u00e1lisis de mercado que permitir\u00e1 ampliar las opciones para que m\u00e1s personas puedan visitar la tienda y conocer los productos de gran calidad que se elaboran en Meoqui y la regi\u00f3n.<\/p>\n<p>La tienda \u201cHecho en Meoqui\u201d se encuentra ubicada en la zona restaurantera del Vado de Meoqui y ofrece una amplia variedad de productos, entre ellos alimentos de valor agregado como salsas, dulces de leche, carne seca y otros comestibles regionales, as\u00ed como souvenirs, playeras, cerveza Monito, fotograf\u00edas y art\u00edculos representativos del municipio.<\/p>\n<p>Adem\u00e1s, cuenta con artesan\u00edas elaboradas por cooperativas rar\u00e1muris de Meoqui, sumando m\u00e1s de 100 productos en exhibici\u00f3n y venta.<\/p>\n<p>Por \u00faltimo, mencion\u00f3 que por encomienda de la alcaldesa Miriam Soto, se mantiene una comunicaci\u00f3n constante con los productores para fortalecer este espacio y seguir impulsando el talento y la identidad local.<\/p>\n","protected":false},"excerpt":{"rendered":"<p>Atender\u00e1n a la ciudadan\u00eda los d\u00edas lunes, mi\u00e9rcoles, jueves, s\u00e1bado y domingo Con el objetivo de brindar una mejor atenci\u00f3n a la ciudadan\u00eda y fortalecer la comercializaci\u00f3n de productos locales, la tienda de productos regionales \u201cHecho en Meoqui\u201d modific\u00f3 sus horarios de operaci\u00f3n, como parte de una estrategia de mercado acordada con los productores del municipio, as\u00ed lo dio a conocer Alan Mata, director de Desarrollo Econ\u00f3mico y Turismo, quien inform\u00f3 que tras una reuni\u00f3n con los productores se tomaron acuerdos para mejorar el funcionamiento del establecimiento. A partir de ahora, la tienda abrir\u00e1 sus puertas los d\u00edas lunes, mi\u00e9rcoles, jueves, s\u00e1bado y domingo, descansando martes y viernes. El horario ser\u00e1 de 10:00 de la ma\u00f1ana a 1:00 de la tarde y de 3:00 a 6:00 de la tarde entre semana, mientras que s\u00e1bados y domingos contar\u00e1 con horario corrido de 10:00 de la ma\u00f1ana a 7:00 de la tarde. Alan Mata explic\u00f3 que esta modificaci\u00f3n responde a un an\u00e1lisis de mercado que permitir\u00e1 ampliar las opciones para que m\u00e1s personas puedan visitar la tienda y conocer los productos de gran calidad que se elaboran en Meoqui y la regi\u00f3n. La tienda \u201cHecho en Meoqui\u201d se encuentra ubicada en la zona restaurantera del Vado de Meoqui y ofrece una amplia variedad de productos, entre ellos alimentos de valor agregado como salsas, dulces de leche, carne seca y otros comestibles regionales, as\u00ed como souvenirs, playeras, cerveza Monito, fotograf\u00edas y art\u00edculos representativos del municipio. Adem\u00e1s, cuenta con artesan\u00edas elaboradas por cooperativas rar\u00e1muris de Meoqui, sumando m\u00e1s de 100 productos en exhibici\u00f3n y venta. Por \u00faltimo, mencion\u00f3 que por encomienda de la alcaldesa Miriam Soto, se mantiene una comunicaci\u00f3n constante con los productores para fortalecer este espacio y seguir impulsando el talento y la identidad local.<\/p>\n","protected":false},"author":2,"featured_media":19808,"comment_status":"open","ping_status":"open","sticky":false,"template":"","format":"standard","meta":{"_monsterinsights_skip_tracking":false,"_monsterinsights_sitenote_active":false,"_monsterinsights_sitenote_note":"","_monsterinsights_sitenote_category":0,"advanced_seo_description":"","jetpack_seo_html_title":"","jetpack_seo_noindex":false,"_jetpack_memberships_contains_paid_content":false,"footnotes":"","jetpack_publicize_message":"","jetpack_publicize_feature_enabled":true,"jetpack_social_post_already_shared":true,"jetpack_social_options":{"image_generator_settings":{"template":"highway","enabled":false},"version":2}},"categories":[135,7,11],"tags":[],"class_list":["post-19807","post","type-post","status-publish","format-standard","has-post-thumbnail","hentry","category-lo-mas-leido","category-local","category-principal"],"jetpack_publicize_connections":[],"jetpack_sharing_enabled":true,"jetpack_featured_media_url":"https:\/\/i0.wp.com\/alcierrenoticias.com\/wp-content\/uploads\/2026\/01\/WhatsApp-Image-2026-01-11-at-2.04.28-PM.jpeg?fit=678%2C452&ssl=1","amp_enabled":true,"_links":{"self":[{"href":"https:\/\/alcierrenoticias.com\/index.php\/wp-json\/wp\/v2\/posts\/19807","targetHints":{"allow":["GET"]}}],"collection":[{"href":"https:\/\/alcierrenoticias.com\/index.php\/wp-json\/wp\/v2\/posts"}],"about":[{"href":"https:\/\/alcierrenoticias.com\/index.php\/wp-json\/wp\/v2\/types\/post"}],"author":[{"embeddable":true,"href":"https:\/\/alcierrenoticias.com\/index.php\/wp-json\/wp\/v2\/users\/2"}],"replies":[{"embeddable":true,"href":"https:\/\/alcierrenoticias.com\/index.php\/wp-json\/wp\/v2\/comments?post=19807"}],"version-history":[{"count":2,"href":"https:\/\/alcierrenoticias.com\/index.php\/wp-json\/wp\/v2\/posts\/19807\/revisions"}],"predecessor-version":[{"id":19810,"href":"https:\/\/alcierrenoticias.com\/index.php\/wp-json\/wp\/v2\/posts\/19807\/revisions\/19810"}],"wp:featuredmedia":[{"embeddable":true,"href":"https:\/\/alcierrenoticias.com\/index.php\/wp-json\/wp\/v2\/media\/19808"}],"wp:attachment":[{"href":"https:\/\/alcierrenoticias.com\/index.php\/wp-json\/wp\/v2\/media?parent=19807"}],"wp:term":[{"taxonomy":"category","embeddable":true,"href":"https:\/\/alcierrenoticias.com\/index.php\/wp-json\/wp\/v2\/categories?post=19807"},{"taxonomy":"post_tag","embeddable":true,"href":"https:\/\/alcierrenoticias.com\/index.php\/wp-json\/wp\/v2\/tags?post=19807"}],"curies":[{"name":"wp","href":"https:\/\/api.w.org\/{rel}","templated":true}]}}