{"id":19778,"date":"2026-01-09T16:20:27","date_gmt":"2026-01-09T22:20:27","guid":{"rendered":"https:\/\/alcierrenoticias.com\/?p=19778"},"modified":"2026-01-09T23:04:44","modified_gmt":"2026-01-10T05:04:44","slug":"ofrece-cri-de-meoqui-terapia-de-lenguaje-para-ninas-y-ninos-de-hasta-12-anos-con-acceso-a-becas","status":"publish","type":"post","link":"https:\/\/alcierrenoticias.com\/index.php\/2026\/01\/09\/ofrece-cri-de-meoqui-terapia-de-lenguaje-para-ninas-y-ninos-de-hasta-12-anos-con-acceso-a-becas\/","title":{"rendered":"Ofrece CRI de Meoqui terapia de lenguaje para ni\u00f1as y ni\u00f1os de hasta 12 a\u00f1os con acceso a becas."},"content":{"rendered":"<p>Las familias pueden acceder a becas de subrogaci\u00f3n gracias al convenio con Fundaci\u00f3n Vida<\/p>\n<p>El Centro de Rehabilitaci\u00f3n Integral (CRI) de Meoqui cuenta con espacios disponibles para terapia de lenguaje dirigida a ni\u00f1as y ni\u00f1os de hasta 12 a\u00f1os de edad, adem\u00e1s de la posibilidad de acceder a becas de subrogaci\u00f3n para que las familias no tengan que cubrir el costo del servicio, gracias al convenio que mantiene el DIF Municipal con Fundaci\u00f3n Vida, as\u00ed lo inform\u00f3 Nore Hern\u00e1ndez, presidenta del DIF Meoqui, quien destac\u00f3 que este programa busca brindar atenci\u00f3n especializada a menores que presentan dificultades en el desarrollo del lenguaje.<\/p>\n<p>\u201cTenemos espacios disponibles para la terapia de lenguaje hasta los 12 a\u00f1os y tambi\u00e9n existe la opci\u00f3n de adquirir una beca para que no tengan que pagar. Solo es necesario acudir al DIF y solicitar la terapia; ah\u00ed se realiza todo el protocolo para aplicar a la beca\u201d, detall\u00f3 que las terapias son impartidas por una especialista, quien determina si la atenci\u00f3n debe ser grupal o individual, de acuerdo con la edad y las necesidades espec\u00edficas de cada ni\u00f1o o ni\u00f1a.<\/p>\n<p>\u201cHay casos que requieren una atenci\u00f3n m\u00e1s personalizada, y otros que pueden trabajar en grupo. La terapeuta organiza los grupos conforme al grado de dificultad y las edades, y hemos tenido muy buenos resultados\u201d, se\u00f1al\u00f3 Nore Hern\u00e1ndez, quien agreg\u00f3 que adem\u00e1s de la terapia de lenguaje, el CRI ofrece servicios de psicolog\u00eda y terapia f\u00edsica, para los cuales es necesario acudir con diagn\u00f3stico m\u00e9dico. En caso de requerir valoraci\u00f3n, las familias pueden acudir a las oficinas del DIF o comunicarse al tel\u00e9fono 473 04 18 para ser integrados a la lista de espera y recibir atenci\u00f3n cuando acuda el m\u00e9dico fisiatra.<\/p>\n","protected":false},"excerpt":{"rendered":"<p>Las familias pueden acceder a becas de subrogaci\u00f3n gracias al convenio con Fundaci\u00f3n Vida El Centro de Rehabilitaci\u00f3n Integral (CRI) de Meoqui cuenta con espacios disponibles para terapia de lenguaje dirigida a ni\u00f1as y ni\u00f1os de hasta 12 a\u00f1os de edad, adem\u00e1s de la posibilidad de acceder a becas de subrogaci\u00f3n para que las familias no tengan que cubrir el costo del servicio, gracias al convenio que mantiene el DIF Municipal con Fundaci\u00f3n Vida, as\u00ed lo inform\u00f3 Nore Hern\u00e1ndez, presidenta del DIF Meoqui, quien destac\u00f3 que este programa busca brindar atenci\u00f3n especializada a menores que presentan dificultades en el desarrollo del lenguaje. \u201cTenemos espacios disponibles para la terapia de lenguaje hasta los 12 a\u00f1os y tambi\u00e9n existe la opci\u00f3n de adquirir una beca para que no tengan que pagar. Solo es necesario acudir al DIF y solicitar la terapia; ah\u00ed se realiza todo el protocolo para aplicar a la beca\u201d, detall\u00f3 que las terapias son impartidas por una especialista, quien determina si la atenci\u00f3n debe ser grupal o individual, de acuerdo con la edad y las necesidades espec\u00edficas de cada ni\u00f1o o ni\u00f1a. \u201cHay casos que requieren una atenci\u00f3n m\u00e1s personalizada, y otros que pueden trabajar en grupo. La terapeuta organiza los grupos conforme al grado de dificultad y las edades, y hemos tenido muy buenos resultados\u201d, se\u00f1al\u00f3 Nore Hern\u00e1ndez, quien agreg\u00f3 que adem\u00e1s de la terapia de lenguaje, el CRI ofrece servicios de psicolog\u00eda y terapia f\u00edsica, para los cuales es necesario acudir con diagn\u00f3stico m\u00e9dico. En caso de requerir valoraci\u00f3n, las familias pueden acudir a las oficinas del DIF o comunicarse al tel\u00e9fono 473 04 18 para ser integrados a la lista de espera y recibir atenci\u00f3n cuando acuda el m\u00e9dico fisiatra.<\/p>\n","protected":false},"author":2,"featured_media":19779,"comment_status":"open","ping_status":"open","sticky":false,"template":"","format":"standard","meta":{"_monsterinsights_skip_tracking":false,"_monsterinsights_sitenote_active":false,"_monsterinsights_sitenote_note":"","_monsterinsights_sitenote_category":0,"advanced_seo_description":"","jetpack_seo_html_title":"","jetpack_seo_noindex":false,"_jetpack_memberships_contains_paid_content":false,"footnotes":"","jetpack_publicize_message":"","jetpack_publicize_feature_enabled":true,"jetpack_social_post_already_shared":true,"jetpack_social_options":{"image_generator_settings":{"template":"highway","enabled":false},"version":2}},"categories":[135,7,11],"tags":[],"class_list":["post-19778","post","type-post","status-publish","format-standard","has-post-thumbnail","hentry","category-lo-mas-leido","category-local","category-principal"],"jetpack_publicize_connections":[],"jetpack_sharing_enabled":true,"jetpack_featured_media_url":"https:\/\/i0.wp.com\/alcierrenoticias.com\/wp-content\/uploads\/2026\/01\/WhatsApp-Image-2026-01-09-at-7.28.22-PM-1.jpeg?fit=1496%2C1018&ssl=1","amp_enabled":true,"_links":{"self":[{"href":"https:\/\/alcierrenoticias.com\/index.php\/wp-json\/wp\/v2\/posts\/19778","targetHints":{"allow":["GET"]}}],"collection":[{"href":"https:\/\/alcierrenoticias.com\/index.php\/wp-json\/wp\/v2\/posts"}],"about":[{"href":"https:\/\/alcierrenoticias.com\/index.php\/wp-json\/wp\/v2\/types\/post"}],"author":[{"embeddable":true,"href":"https:\/\/alcierrenoticias.com\/index.php\/wp-json\/wp\/v2\/users\/2"}],"replies":[{"embeddable":true,"href":"https:\/\/alcierrenoticias.com\/index.php\/wp-json\/wp\/v2\/comments?post=19778"}],"version-history":[{"count":2,"href":"https:\/\/alcierrenoticias.com\/index.php\/wp-json\/wp\/v2\/posts\/19778\/revisions"}],"predecessor-version":[{"id":19781,"href":"https:\/\/alcierrenoticias.com\/index.php\/wp-json\/wp\/v2\/posts\/19778\/revisions\/19781"}],"wp:featuredmedia":[{"embeddable":true,"href":"https:\/\/alcierrenoticias.com\/index.php\/wp-json\/wp\/v2\/media\/19779"}],"wp:attachment":[{"href":"https:\/\/alcierrenoticias.com\/index.php\/wp-json\/wp\/v2\/media?parent=19778"}],"wp:term":[{"taxonomy":"category","embeddable":true,"href":"https:\/\/alcierrenoticias.com\/index.php\/wp-json\/wp\/v2\/categories?post=19778"},{"taxonomy":"post_tag","embeddable":true,"href":"https:\/\/alcierrenoticias.com\/index.php\/wp-json\/wp\/v2\/tags?post=19778"}],"curies":[{"name":"wp","href":"https:\/\/api.w.org\/{rel}","templated":true}]}}