{"id":19763,"date":"2026-01-09T16:15:56","date_gmt":"2026-01-09T22:15:56","guid":{"rendered":"https:\/\/alcierrenoticias.com\/?p=19763"},"modified":"2026-01-09T19:28:12","modified_gmt":"2026-01-10T01:28:12","slug":"gobierno-municipal-de-camargo-arrancara-rehabilitacion-con-concreto-en-crucero-de-la-agustin-melgar-y-francisco-villa","status":"publish","type":"post","link":"https:\/\/alcierrenoticias.com\/index.php\/2026\/01\/09\/gobierno-municipal-de-camargo-arrancara-rehabilitacion-con-concreto-en-crucero-de-la-agustin-melgar-y-francisco-villa\/","title":{"rendered":"Gobierno Municipal de Camargo arrancar\u00e1 rehabilitaci\u00f3n con concreto en crucero de la Agust\u00edn Melgar y Francisco Villa."},"content":{"rendered":"<p>El Gobierno Municipal de Camargo informa que est\u00e1 a punto de arrancar la rehabilitaci\u00f3n del crucero ubicado en la intersecci\u00f3n de las calles Agust\u00edn Melgar y Francisco Villa, una obra que se realizar\u00e1 con concreto hidr\u00e1ulico.<\/p>\n<p>Esta acci\u00f3n forma parte de los trabajos permanentes de mejoramiento de vialidades que se llevan a cabo en distintos puntos de la ciudad, con el objetivo de atender zonas que presentan un mayor desgaste y que requieren una soluci\u00f3n duradera.<\/p>\n<p>La rehabilitaci\u00f3n con concreto permitir\u00e1 mejorar la circulaci\u00f3n vehicular, brindar mayor seguridad a quienes transitan por el sector y alargar la vida \u00fatil de la vialidad, reduciendo la necesidad de reparaciones constantes.<\/p>\n<p>Desde el Gobierno Municipal reiteramos que seguimos trabajando de manera responsable para mejorar la infraestructura urbana y atender las principales necesidades de movilidad en Camargo.<\/p>\n","protected":false},"excerpt":{"rendered":"<p>El Gobierno Municipal de Camargo informa que est\u00e1 a punto de arrancar la rehabilitaci\u00f3n del crucero ubicado en la intersecci\u00f3n de las calles Agust\u00edn Melgar y Francisco Villa, una obra que se realizar\u00e1 con concreto hidr\u00e1ulico. Esta acci\u00f3n forma parte de los trabajos permanentes de mejoramiento de vialidades que se llevan a cabo en distintos puntos de la ciudad, con el objetivo de atender zonas que presentan un mayor desgaste y que requieren una soluci\u00f3n duradera. La rehabilitaci\u00f3n con concreto permitir\u00e1 mejorar la circulaci\u00f3n vehicular, brindar mayor seguridad a quienes transitan por el sector y alargar la vida \u00fatil de la vialidad, reduciendo la necesidad de reparaciones constantes. Desde el Gobierno Municipal reiteramos que seguimos trabajando de manera responsable para mejorar la infraestructura urbana y atender las principales necesidades de movilidad en Camargo.<\/p>\n","protected":false},"author":2,"featured_media":19764,"comment_status":"open","ping_status":"open","sticky":false,"template":"","format":"standard","meta":{"_monsterinsights_skip_tracking":false,"_monsterinsights_sitenote_active":false,"_monsterinsights_sitenote_note":"","_monsterinsights_sitenote_category":0,"advanced_seo_description":"","jetpack_seo_html_title":"","jetpack_seo_noindex":false,"_jetpack_memberships_contains_paid_content":false,"footnotes":"","jetpack_publicize_message":"","jetpack_publicize_feature_enabled":true,"jetpack_social_post_already_shared":true,"jetpack_social_options":{"image_generator_settings":{"template":"highway","enabled":false},"version":2}},"categories":[8,135,11],"tags":[],"class_list":["post-19763","post","type-post","status-publish","format-standard","has-post-thumbnail","hentry","category-estado","category-lo-mas-leido","category-principal"],"jetpack_publicize_connections":[],"jetpack_sharing_enabled":true,"jetpack_featured_media_url":"https:\/\/i0.wp.com\/alcierrenoticias.com\/wp-content\/uploads\/2026\/01\/WhatsApp-Image-2026-01-09-at-3.51.44-PM.jpeg?fit=1600%2C900&ssl=1","amp_enabled":true,"_links":{"self":[{"href":"https:\/\/alcierrenoticias.com\/index.php\/wp-json\/wp\/v2\/posts\/19763","targetHints":{"allow":["GET"]}}],"collection":[{"href":"https:\/\/alcierrenoticias.com\/index.php\/wp-json\/wp\/v2\/posts"}],"about":[{"href":"https:\/\/alcierrenoticias.com\/index.php\/wp-json\/wp\/v2\/types\/post"}],"author":[{"embeddable":true,"href":"https:\/\/alcierrenoticias.com\/index.php\/wp-json\/wp\/v2\/users\/2"}],"replies":[{"embeddable":true,"href":"https:\/\/alcierrenoticias.com\/index.php\/wp-json\/wp\/v2\/comments?post=19763"}],"version-history":[{"count":1,"href":"https:\/\/alcierrenoticias.com\/index.php\/wp-json\/wp\/v2\/posts\/19763\/revisions"}],"predecessor-version":[{"id":19765,"href":"https:\/\/alcierrenoticias.com\/index.php\/wp-json\/wp\/v2\/posts\/19763\/revisions\/19765"}],"wp:featuredmedia":[{"embeddable":true,"href":"https:\/\/alcierrenoticias.com\/index.php\/wp-json\/wp\/v2\/media\/19764"}],"wp:attachment":[{"href":"https:\/\/alcierrenoticias.com\/index.php\/wp-json\/wp\/v2\/media?parent=19763"}],"wp:term":[{"taxonomy":"category","embeddable":true,"href":"https:\/\/alcierrenoticias.com\/index.php\/wp-json\/wp\/v2\/categories?post=19763"},{"taxonomy":"post_tag","embeddable":true,"href":"https:\/\/alcierrenoticias.com\/index.php\/wp-json\/wp\/v2\/tags?post=19763"}],"curies":[{"name":"wp","href":"https:\/\/api.w.org\/{rel}","templated":true}]}}