{"id":19759,"date":"2026-01-09T16:10:38","date_gmt":"2026-01-09T22:10:38","guid":{"rendered":"https:\/\/alcierrenoticias.com\/?p=19759"},"modified":"2026-01-09T19:25:04","modified_gmt":"2026-01-10T01:25:04","slug":"continuan-en-meoqui-trabajos-de-poda-en-parques-y-jardines","status":"publish","type":"post","link":"https:\/\/alcierrenoticias.com\/index.php\/2026\/01\/09\/continuan-en-meoqui-trabajos-de-poda-en-parques-y-jardines\/","title":{"rendered":"Contin\u00faan en Meoqui trabajos de poda en parques y jardines."},"content":{"rendered":"<p>Municipio cuenta con una m\u00e1quina trituradora que recibe material de poda para contribuir con el cuidado del medio ambiente<\/p>\n<p>El Gobierno Municipal de Meoqui contin\u00faa con los trabajos de poda y mantenimiento en parques, plazas y \u00e1reas verdes, como parte de las acciones permanentes para conservar en buen estado los espacios p\u00fablicos del municipio, as\u00ed lo inform\u00f3 el Ing. No\u00e9 Legarreta, director de Servicios P\u00fablicos Municipales, mencionando que estas labores iniciaron desde el pasado 15 de diciembre por indicaciones de la alcaldesa Miriam Soto, y actualmente ya concluyeron en las plazas principales.<\/p>\n<p>\u201cEstamos trabajando en el tema de podas en parques y jardines. Ya se terminaron las plazas principales y ahora estaremos atendiendo el camell\u00f3n de la calle 2 de Abril, la Fonhapo y otros parques que ya est\u00e1n asignados a las cuadrillas de Parques y Jardines\u201d, se\u00f1al\u00f3 el director, agregando que se est\u00e1n priorizando las \u00e1reas p\u00fablicas de mayor tama\u00f1o, con el objetivo de mantenerlas seguras, limpias y en \u00f3ptimas condiciones para las familias meoquenses.<\/p>\n<p>Asimismo, hizo un llamado a jardineros y particulares a realizar sus podas de manera responsable y adecuada, evitando la mutilaci\u00f3n de los \u00e1rboles y solicitando orientaci\u00f3n o permisos en los departamentos de Desarrollo Urbano, Ecolog\u00eda y Servicios P\u00fablicos Municipales recordando que el municipio cuenta con una m\u00e1quina trituradora, donde se recibe el material de poda para su correcta disposici\u00f3n y reutilizaci\u00f3n en beneficio del medio ambiente.<\/p>\n<p>\u201cInvitamos a la ciudadan\u00eda a llevar su material de poda atr\u00e1s de las instalaciones de la UTCAM, detr\u00e1s del Complejo de Seguridad P\u00fablica, donde se tritura para aprovecharlo en parques, jardines y el \u00e1rea del r\u00edo San Pedro, contribuyendo as\u00ed al cuidado del medio ambiente\u201d, concluy\u00f3.<\/p>\n","protected":false},"excerpt":{"rendered":"<p>Municipio cuenta con una m\u00e1quina trituradora que recibe material de poda para contribuir con el cuidado del medio ambiente El Gobierno Municipal de Meoqui contin\u00faa con los trabajos de poda y mantenimiento en parques, plazas y \u00e1reas verdes, como parte de las acciones permanentes para conservar en buen estado los espacios p\u00fablicos del municipio, as\u00ed lo inform\u00f3 el Ing. No\u00e9 Legarreta, director de Servicios P\u00fablicos Municipales, mencionando que estas labores iniciaron desde el pasado 15 de diciembre por indicaciones de la alcaldesa Miriam Soto, y actualmente ya concluyeron en las plazas principales. \u201cEstamos trabajando en el tema de podas en parques y jardines. Ya se terminaron las plazas principales y ahora estaremos atendiendo el camell\u00f3n de la calle 2 de Abril, la Fonhapo y otros parques que ya est\u00e1n asignados a las cuadrillas de Parques y Jardines\u201d, se\u00f1al\u00f3 el director, agregando que se est\u00e1n priorizando las \u00e1reas p\u00fablicas de mayor tama\u00f1o, con el objetivo de mantenerlas seguras, limpias y en \u00f3ptimas condiciones para las familias meoquenses. Asimismo, hizo un llamado a jardineros y particulares a realizar sus podas de manera responsable y adecuada, evitando la mutilaci\u00f3n de los \u00e1rboles y solicitando orientaci\u00f3n o permisos en los departamentos de Desarrollo Urbano, Ecolog\u00eda y Servicios P\u00fablicos Municipales recordando que el municipio cuenta con una m\u00e1quina trituradora, donde se recibe el material de poda para su correcta disposici\u00f3n y reutilizaci\u00f3n en beneficio del medio ambiente. \u201cInvitamos a la ciudadan\u00eda a llevar su material de poda atr\u00e1s de las instalaciones de la UTCAM, detr\u00e1s del Complejo de Seguridad P\u00fablica, donde se tritura para aprovecharlo en parques, jardines y el \u00e1rea del r\u00edo San Pedro, contribuyendo as\u00ed al cuidado del medio ambiente\u201d, concluy\u00f3.<\/p>\n","protected":false},"author":2,"featured_media":19760,"comment_status":"open","ping_status":"open","sticky":false,"template":"","format":"standard","meta":{"_monsterinsights_skip_tracking":false,"_monsterinsights_sitenote_active":false,"_monsterinsights_sitenote_note":"","_monsterinsights_sitenote_category":0,"advanced_seo_description":"","jetpack_seo_html_title":"","jetpack_seo_noindex":false,"_jetpack_memberships_contains_paid_content":false,"footnotes":"","jetpack_publicize_message":"","jetpack_publicize_feature_enabled":true,"jetpack_social_post_already_shared":true,"jetpack_social_options":{"image_generator_settings":{"template":"highway","enabled":false},"version":2}},"categories":[135,7,11],"tags":[],"class_list":["post-19759","post","type-post","status-publish","format-standard","has-post-thumbnail","hentry","category-lo-mas-leido","category-local","category-principal"],"jetpack_publicize_connections":[],"jetpack_sharing_enabled":true,"jetpack_featured_media_url":"https:\/\/i0.wp.com\/alcierrenoticias.com\/wp-content\/uploads\/2026\/01\/WhatsApp-Image-2026-01-09-at-3.50.36-PM-e1768008285771.jpeg?fit=500%2C547&ssl=1","amp_enabled":true,"_links":{"self":[{"href":"https:\/\/alcierrenoticias.com\/index.php\/wp-json\/wp\/v2\/posts\/19759","targetHints":{"allow":["GET"]}}],"collection":[{"href":"https:\/\/alcierrenoticias.com\/index.php\/wp-json\/wp\/v2\/posts"}],"about":[{"href":"https:\/\/alcierrenoticias.com\/index.php\/wp-json\/wp\/v2\/types\/post"}],"author":[{"embeddable":true,"href":"https:\/\/alcierrenoticias.com\/index.php\/wp-json\/wp\/v2\/users\/2"}],"replies":[{"embeddable":true,"href":"https:\/\/alcierrenoticias.com\/index.php\/wp-json\/wp\/v2\/comments?post=19759"}],"version-history":[{"count":2,"href":"https:\/\/alcierrenoticias.com\/index.php\/wp-json\/wp\/v2\/posts\/19759\/revisions"}],"predecessor-version":[{"id":19762,"href":"https:\/\/alcierrenoticias.com\/index.php\/wp-json\/wp\/v2\/posts\/19759\/revisions\/19762"}],"wp:featuredmedia":[{"embeddable":true,"href":"https:\/\/alcierrenoticias.com\/index.php\/wp-json\/wp\/v2\/media\/19760"}],"wp:attachment":[{"href":"https:\/\/alcierrenoticias.com\/index.php\/wp-json\/wp\/v2\/media?parent=19759"}],"wp:term":[{"taxonomy":"category","embeddable":true,"href":"https:\/\/alcierrenoticias.com\/index.php\/wp-json\/wp\/v2\/categories?post=19759"},{"taxonomy":"post_tag","embeddable":true,"href":"https:\/\/alcierrenoticias.com\/index.php\/wp-json\/wp\/v2\/tags?post=19759"}],"curies":[{"name":"wp","href":"https:\/\/api.w.org\/{rel}","templated":true}]}}