{"id":19743,"date":"2026-01-08T18:40:33","date_gmt":"2026-01-09T00:40:33","guid":{"rendered":"https:\/\/alcierrenoticias.com\/?p=19743"},"modified":"2026-01-09T19:01:41","modified_gmt":"2026-01-10T01:01:41","slug":"instalan-luminarias-tipo-lapiz-para-mejorar-iluminacion-del-parque-fundadores","status":"publish","type":"post","link":"https:\/\/alcierrenoticias.com\/index.php\/2026\/01\/08\/instalan-luminarias-tipo-lapiz-para-mejorar-iluminacion-del-parque-fundadores\/","title":{"rendered":"Instalan luminarias tipo l\u00e1piz para mejorar iluminaci\u00f3n del Parque Fundadores."},"content":{"rendered":"<p>Con el objetivo de mejorar la seguridad y el servicio para los usuarios del Parque Fundadores, el Gobierno Municipal de Delicias inici\u00f3 la instalaci\u00f3n de un nuevo sistema de iluminaci\u00f3n en distintos puntos del \u00e1rea, inform\u00f3 Carlos Rodr\u00edguez, director de Servicios P\u00fablicos.<\/p>\n<p>El funcionario explic\u00f3 que se est\u00e1n colocando luminarias tipo \u201cl\u00e1piz\u201d, las cuales permiten iluminar de manera efectiva desde una altura menor a tres metros, especialmente en los corredores donde camina la gente. Este tipo de l\u00e1mpara evita que las copas de los \u00e1rboles opaquen la luz, problema que se presentaba con las luminarias tradicionales.<\/p>\n<p>Asimismo, detall\u00f3 que en las zonas con mayor concentraci\u00f3n de \u00e1rboles, conocidas como bosquecitos, se instalar\u00e1n luminarias con punta de poste, dise\u00f1adas para eliminar puntos oscuros y garantizar una mejor visibilidad. Estas acciones forman parte de la estrategia impulsada por el presidente municipal Jes\u00fas Valenciano para ofrecer espacios p\u00fablicos m\u00e1s seguros y funcionales.<\/p>\n<p>A\u00f1adi\u00f3 que tanto los andadores exteriores como los centrales del parque ser\u00e1n iluminados con luminarias suburbanas LED de \u00faltima generaci\u00f3n, aprovechando los espacios disponibles. En total, se contempla la instalaci\u00f3n de alrededor de 300 luminarias nuevas, adem\u00e1s de una renovaci\u00f3n completa del sistema el\u00e9ctrico.<\/p>\n<p>Finalmente, se\u00f1al\u00f3 que este proyecto fue acordado tras un recorrido realizado el viernes pasado junto con el presidente municipal y personas que habitualmente utilizan el parque. Con esta renovaci\u00f3n integral, se busca iluminar por completo el Parque Fundadores y reforzar las zonas que anteriormente presentaban deficiencias en iluminaci\u00f3n, concluy\u00f3 el director de Servicios P\u00fablicos.<\/p>\n","protected":false},"excerpt":{"rendered":"<p>Con el objetivo de mejorar la seguridad y el servicio para los usuarios del Parque Fundadores, el Gobierno Municipal de Delicias inici\u00f3 la instalaci\u00f3n de un nuevo sistema de iluminaci\u00f3n en distintos puntos del \u00e1rea, inform\u00f3 Carlos Rodr\u00edguez, director de Servicios P\u00fablicos. El funcionario explic\u00f3 que se est\u00e1n colocando luminarias tipo \u201cl\u00e1piz\u201d, las cuales permiten iluminar de manera efectiva desde una altura menor a tres metros, especialmente en los corredores donde camina la gente. Este tipo de l\u00e1mpara evita que las copas de los \u00e1rboles opaquen la luz, problema que se presentaba con las luminarias tradicionales. Asimismo, detall\u00f3 que en las zonas con mayor concentraci\u00f3n de \u00e1rboles, conocidas como bosquecitos, se instalar\u00e1n luminarias con punta de poste, dise\u00f1adas para eliminar puntos oscuros y garantizar una mejor visibilidad. Estas acciones forman parte de la estrategia impulsada por el presidente municipal Jes\u00fas Valenciano para ofrecer espacios p\u00fablicos m\u00e1s seguros y funcionales. A\u00f1adi\u00f3 que tanto los andadores exteriores como los centrales del parque ser\u00e1n iluminados con luminarias suburbanas LED de \u00faltima generaci\u00f3n, aprovechando los espacios disponibles. En total, se contempla la instalaci\u00f3n de alrededor de 300 luminarias nuevas, adem\u00e1s de una renovaci\u00f3n completa del sistema el\u00e9ctrico. Finalmente, se\u00f1al\u00f3 que este proyecto fue acordado tras un recorrido realizado el viernes pasado junto con el presidente municipal y personas que habitualmente utilizan el parque. Con esta renovaci\u00f3n integral, se busca iluminar por completo el Parque Fundadores y reforzar las zonas que anteriormente presentaban deficiencias en iluminaci\u00f3n, concluy\u00f3 el director de Servicios P\u00fablicos.<\/p>\n","protected":false},"author":2,"featured_media":19744,"comment_status":"open","ping_status":"open","sticky":false,"template":"","format":"standard","meta":{"_monsterinsights_skip_tracking":false,"_monsterinsights_sitenote_active":false,"_monsterinsights_sitenote_note":"","_monsterinsights_sitenote_category":0,"advanced_seo_description":"","jetpack_seo_html_title":"","jetpack_seo_noindex":false,"_jetpack_memberships_contains_paid_content":false,"footnotes":"","jetpack_publicize_message":"","jetpack_publicize_feature_enabled":true,"jetpack_social_post_already_shared":true,"jetpack_social_options":{"image_generator_settings":{"template":"highway","enabled":false},"version":2}},"categories":[135,7,11],"tags":[],"class_list":["post-19743","post","type-post","status-publish","format-standard","has-post-thumbnail","hentry","category-lo-mas-leido","category-local","category-principal"],"jetpack_publicize_connections":[],"jetpack_sharing_enabled":true,"jetpack_featured_media_url":"https:\/\/i0.wp.com\/alcierrenoticias.com\/wp-content\/uploads\/2026\/01\/WhatsApp-Image-2026-01-08-at-6.24.17-PM.jpeg?fit=1280%2C720&ssl=1","amp_enabled":true,"_links":{"self":[{"href":"https:\/\/alcierrenoticias.com\/index.php\/wp-json\/wp\/v2\/posts\/19743","targetHints":{"allow":["GET"]}}],"collection":[{"href":"https:\/\/alcierrenoticias.com\/index.php\/wp-json\/wp\/v2\/posts"}],"about":[{"href":"https:\/\/alcierrenoticias.com\/index.php\/wp-json\/wp\/v2\/types\/post"}],"author":[{"embeddable":true,"href":"https:\/\/alcierrenoticias.com\/index.php\/wp-json\/wp\/v2\/users\/2"}],"replies":[{"embeddable":true,"href":"https:\/\/alcierrenoticias.com\/index.php\/wp-json\/wp\/v2\/comments?post=19743"}],"version-history":[{"count":1,"href":"https:\/\/alcierrenoticias.com\/index.php\/wp-json\/wp\/v2\/posts\/19743\/revisions"}],"predecessor-version":[{"id":19745,"href":"https:\/\/alcierrenoticias.com\/index.php\/wp-json\/wp\/v2\/posts\/19743\/revisions\/19745"}],"wp:featuredmedia":[{"embeddable":true,"href":"https:\/\/alcierrenoticias.com\/index.php\/wp-json\/wp\/v2\/media\/19744"}],"wp:attachment":[{"href":"https:\/\/alcierrenoticias.com\/index.php\/wp-json\/wp\/v2\/media?parent=19743"}],"wp:term":[{"taxonomy":"category","embeddable":true,"href":"https:\/\/alcierrenoticias.com\/index.php\/wp-json\/wp\/v2\/categories?post=19743"},{"taxonomy":"post_tag","embeddable":true,"href":"https:\/\/alcierrenoticias.com\/index.php\/wp-json\/wp\/v2\/tags?post=19743"}],"curies":[{"name":"wp","href":"https:\/\/api.w.org\/{rel}","templated":true}]}}