{"id":19739,"date":"2026-01-08T18:34:47","date_gmt":"2026-01-09T00:34:47","guid":{"rendered":"https:\/\/alcierrenoticias.com\/?p=19739"},"modified":"2026-01-09T18:59:22","modified_gmt":"2026-01-10T00:59:22","slug":"confirma-jorge-aldana-expansion-de-leviton-camargo-se-instalara-en-villa-diamante-con-mas-de-100-empleos-nuevos","status":"publish","type":"post","link":"https:\/\/alcierrenoticias.com\/index.php\/2026\/01\/08\/confirma-jorge-aldana-expansion-de-leviton-camargo-se-instalara-en-villa-diamante-con-mas-de-100-empleos-nuevos\/","title":{"rendered":"Confirma Jorge Aldana expansi\u00f3n de Leviton Camargo, se instalar\u00e1 en Villa Diamante con m\u00e1s de 100 empleos nuevos."},"content":{"rendered":"<p>El Gobierno Municipal de Camargo informa que la empresa Levit\u00f3n de M\u00e9xico llevar\u00e1 a cabo la expansi\u00f3n de su planta, misma que se instalar\u00e1 en la nave industrial ubicada en la colonia Villa Diamante, consolidando a Camargo como un punto estrat\u00e9gico para la inversi\u00f3n y el desarrollo industrial.<\/p>\n<p>Esta ampliaci\u00f3n representa una inversi\u00f3n significativa que permitir\u00e1 la generaci\u00f3n de m\u00e1s de 100 nuevos empleos, adem\u00e1s de una importante derrama econ\u00f3mica que impactar\u00e1 de manera positiva en las familias del municipio.<\/p>\n<p>El presidente municipal, Jorge Aldana, agradeci\u00f3 al Ing. Jaime Estrada por seguir confiando en Camargo y por hacer posible que esta expansi\u00f3n se quedara en el municipio, fortaleciendo el crecimiento econ\u00f3mico y las oportunidades laborales.<\/p>\n<p>Desde la administraci\u00f3n municipal se refrenda el compromiso de seguir trabajando para atraer inversiones, impulsar el empleo y generar mejores condiciones de vida para las y los camarguenses, apostando por un desarrollo ordenado y sostenible.<\/p>\n","protected":false},"excerpt":{"rendered":"<p>El Gobierno Municipal de Camargo informa que la empresa Levit\u00f3n de M\u00e9xico llevar\u00e1 a cabo la expansi\u00f3n de su planta, misma que se instalar\u00e1 en la nave industrial ubicada en la colonia Villa Diamante, consolidando a Camargo como un punto estrat\u00e9gico para la inversi\u00f3n y el desarrollo industrial. Esta ampliaci\u00f3n representa una inversi\u00f3n significativa que permitir\u00e1 la generaci\u00f3n de m\u00e1s de 100 nuevos empleos, adem\u00e1s de una importante derrama econ\u00f3mica que impactar\u00e1 de manera positiva en las familias del municipio. El presidente municipal, Jorge Aldana, agradeci\u00f3 al Ing. Jaime Estrada por seguir confiando en Camargo y por hacer posible que esta expansi\u00f3n se quedara en el municipio, fortaleciendo el crecimiento econ\u00f3mico y las oportunidades laborales. Desde la administraci\u00f3n municipal se refrenda el compromiso de seguir trabajando para atraer inversiones, impulsar el empleo y generar mejores condiciones de vida para las y los camarguenses, apostando por un desarrollo ordenado y sostenible.<\/p>\n","protected":false},"author":2,"featured_media":19740,"comment_status":"open","ping_status":"open","sticky":false,"template":"","format":"standard","meta":{"_monsterinsights_skip_tracking":false,"_monsterinsights_sitenote_active":false,"_monsterinsights_sitenote_note":"","_monsterinsights_sitenote_category":0,"advanced_seo_description":"","jetpack_seo_html_title":"","jetpack_seo_noindex":false,"_jetpack_memberships_contains_paid_content":false,"footnotes":"","jetpack_publicize_message":"","jetpack_publicize_feature_enabled":true,"jetpack_social_post_already_shared":true,"jetpack_social_options":{"image_generator_settings":{"template":"highway","enabled":false},"version":2}},"categories":[8,135,11],"tags":[],"class_list":["post-19739","post","type-post","status-publish","format-standard","has-post-thumbnail","hentry","category-estado","category-lo-mas-leido","category-principal"],"jetpack_publicize_connections":[],"jetpack_sharing_enabled":true,"jetpack_featured_media_url":"https:\/\/i0.wp.com\/alcierrenoticias.com\/wp-content\/uploads\/2026\/01\/WhatsApp-Image-2026-01-08-at-6.21.58-PM.jpeg?fit=1600%2C1200&ssl=1","amp_enabled":true,"_links":{"self":[{"href":"https:\/\/alcierrenoticias.com\/index.php\/wp-json\/wp\/v2\/posts\/19739","targetHints":{"allow":["GET"]}}],"collection":[{"href":"https:\/\/alcierrenoticias.com\/index.php\/wp-json\/wp\/v2\/posts"}],"about":[{"href":"https:\/\/alcierrenoticias.com\/index.php\/wp-json\/wp\/v2\/types\/post"}],"author":[{"embeddable":true,"href":"https:\/\/alcierrenoticias.com\/index.php\/wp-json\/wp\/v2\/users\/2"}],"replies":[{"embeddable":true,"href":"https:\/\/alcierrenoticias.com\/index.php\/wp-json\/wp\/v2\/comments?post=19739"}],"version-history":[{"count":2,"href":"https:\/\/alcierrenoticias.com\/index.php\/wp-json\/wp\/v2\/posts\/19739\/revisions"}],"predecessor-version":[{"id":19742,"href":"https:\/\/alcierrenoticias.com\/index.php\/wp-json\/wp\/v2\/posts\/19739\/revisions\/19742"}],"wp:featuredmedia":[{"embeddable":true,"href":"https:\/\/alcierrenoticias.com\/index.php\/wp-json\/wp\/v2\/media\/19740"}],"wp:attachment":[{"href":"https:\/\/alcierrenoticias.com\/index.php\/wp-json\/wp\/v2\/media?parent=19739"}],"wp:term":[{"taxonomy":"category","embeddable":true,"href":"https:\/\/alcierrenoticias.com\/index.php\/wp-json\/wp\/v2\/categories?post=19739"},{"taxonomy":"post_tag","embeddable":true,"href":"https:\/\/alcierrenoticias.com\/index.php\/wp-json\/wp\/v2\/tags?post=19739"}],"curies":[{"name":"wp","href":"https:\/\/api.w.org\/{rel}","templated":true}]}}