{"id":19735,"date":"2026-01-08T18:30:40","date_gmt":"2026-01-09T00:30:40","guid":{"rendered":"https:\/\/alcierrenoticias.com\/?p=19735"},"modified":"2026-01-09T18:57:30","modified_gmt":"2026-01-10T00:57:30","slug":"municipio-arrancara-hoy-la-rehabilitacion-de-la-deportiva-en-la-laguna-camargo","status":"publish","type":"post","link":"https:\/\/alcierrenoticias.com\/index.php\/2026\/01\/08\/municipio-arrancara-hoy-la-rehabilitacion-de-la-deportiva-en-la-laguna-camargo\/","title":{"rendered":"Municipio arrancar\u00e1 hoy la rehabilitaci\u00f3n de la deportiva en La Laguna, Camargo."},"content":{"rendered":"<p>El Gobierno Municipal de Camargo arranca hoy los trabajos de rehabilitaci\u00f3n de la deportiva ubicada en La Laguna, un espacio importante para la pr\u00e1ctica deportiva y la convivencia entre familias.<\/p>\n<p>El presidente municipal, Jorge Aldana, coment\u00f3 que esta obra es resultado directo del Presupuesto Participativo, mecanismo mediante el cual las y los habitantes de La Laguna decidieron destinar recursos para mejorar este espacio deportivo.<\/p>\n<p>\u201cNos comprometimos a respetar la decisi\u00f3n de la gente y cumplirla. Esta deportiva es un punto clave para impulsar el deporte y ofrecer espacios dignos para ni\u00f1as, ni\u00f1os y j\u00f3venes\u201d, se\u00f1al\u00f3 el alcalde.<\/p>\n<p>Los trabajos contemplan la rehabilitaci\u00f3n de \u00e1reas deportivas y mejoras en la infraestructura, con el objetivo de que la deportiva vuelva a ser un espacio funcional y seguro.<\/p>\n<p>Con estas acciones, Municipio contin\u00faa avanzando en proyectos que nacen de la participaci\u00f3n ciudadana, fortaleciendo el deporte y generando mejores espacios para el desarrollo y la sana convivencia.<\/p>\n","protected":false},"excerpt":{"rendered":"<p>El Gobierno Municipal de Camargo arranca hoy los trabajos de rehabilitaci\u00f3n de la deportiva ubicada en La Laguna, un espacio importante para la pr\u00e1ctica deportiva y la convivencia entre familias. El presidente municipal, Jorge Aldana, coment\u00f3 que esta obra es resultado directo del Presupuesto Participativo, mecanismo mediante el cual las y los habitantes de La Laguna decidieron destinar recursos para mejorar este espacio deportivo. \u201cNos comprometimos a respetar la decisi\u00f3n de la gente y cumplirla. Esta deportiva es un punto clave para impulsar el deporte y ofrecer espacios dignos para ni\u00f1as, ni\u00f1os y j\u00f3venes\u201d, se\u00f1al\u00f3 el alcalde. Los trabajos contemplan la rehabilitaci\u00f3n de \u00e1reas deportivas y mejoras en la infraestructura, con el objetivo de que la deportiva vuelva a ser un espacio funcional y seguro. Con estas acciones, Municipio contin\u00faa avanzando en proyectos que nacen de la participaci\u00f3n ciudadana, fortaleciendo el deporte y generando mejores espacios para el desarrollo y la sana convivencia.<\/p>\n","protected":false},"author":2,"featured_media":19736,"comment_status":"open","ping_status":"open","sticky":false,"template":"","format":"standard","meta":{"_monsterinsights_skip_tracking":false,"_monsterinsights_sitenote_active":false,"_monsterinsights_sitenote_note":"","_monsterinsights_sitenote_category":0,"advanced_seo_description":"","jetpack_seo_html_title":"","jetpack_seo_noindex":false,"_jetpack_memberships_contains_paid_content":false,"footnotes":"","jetpack_publicize_message":"","jetpack_publicize_feature_enabled":true,"jetpack_social_post_already_shared":true,"jetpack_social_options":{"image_generator_settings":{"template":"highway","enabled":false},"version":2}},"categories":[8,135,11],"tags":[],"class_list":["post-19735","post","type-post","status-publish","format-standard","has-post-thumbnail","hentry","category-estado","category-lo-mas-leido","category-principal"],"jetpack_publicize_connections":[],"jetpack_sharing_enabled":true,"jetpack_featured_media_url":"https:\/\/i0.wp.com\/alcierrenoticias.com\/wp-content\/uploads\/2026\/01\/WhatsApp-Image-2026-01-08-at-6.21.56-PM.jpeg?fit=1600%2C900&ssl=1","amp_enabled":true,"_links":{"self":[{"href":"https:\/\/alcierrenoticias.com\/index.php\/wp-json\/wp\/v2\/posts\/19735","targetHints":{"allow":["GET"]}}],"collection":[{"href":"https:\/\/alcierrenoticias.com\/index.php\/wp-json\/wp\/v2\/posts"}],"about":[{"href":"https:\/\/alcierrenoticias.com\/index.php\/wp-json\/wp\/v2\/types\/post"}],"author":[{"embeddable":true,"href":"https:\/\/alcierrenoticias.com\/index.php\/wp-json\/wp\/v2\/users\/2"}],"replies":[{"embeddable":true,"href":"https:\/\/alcierrenoticias.com\/index.php\/wp-json\/wp\/v2\/comments?post=19735"}],"version-history":[{"count":2,"href":"https:\/\/alcierrenoticias.com\/index.php\/wp-json\/wp\/v2\/posts\/19735\/revisions"}],"predecessor-version":[{"id":19738,"href":"https:\/\/alcierrenoticias.com\/index.php\/wp-json\/wp\/v2\/posts\/19735\/revisions\/19738"}],"wp:featuredmedia":[{"embeddable":true,"href":"https:\/\/alcierrenoticias.com\/index.php\/wp-json\/wp\/v2\/media\/19736"}],"wp:attachment":[{"href":"https:\/\/alcierrenoticias.com\/index.php\/wp-json\/wp\/v2\/media?parent=19735"}],"wp:term":[{"taxonomy":"category","embeddable":true,"href":"https:\/\/alcierrenoticias.com\/index.php\/wp-json\/wp\/v2\/categories?post=19735"},{"taxonomy":"post_tag","embeddable":true,"href":"https:\/\/alcierrenoticias.com\/index.php\/wp-json\/wp\/v2\/tags?post=19735"}],"curies":[{"name":"wp","href":"https:\/\/api.w.org\/{rel}","templated":true}]}}