{"id":19731,"date":"2026-01-08T18:30:20","date_gmt":"2026-01-09T00:30:20","guid":{"rendered":"https:\/\/alcierrenoticias.com\/?p=19731"},"modified":"2026-01-09T18:55:02","modified_gmt":"2026-01-10T00:55:02","slug":"jorge-aldana-propone-nombrar-el-campo-de-tochito-raul-hernandez-el-rulo-cabildo-aprueba-por-unanimidad","status":"publish","type":"post","link":"https:\/\/alcierrenoticias.com\/index.php\/2026\/01\/08\/jorge-aldana-propone-nombrar-el-campo-de-tochito-raul-hernandez-el-rulo-cabildo-aprueba-por-unanimidad\/","title":{"rendered":"Jorge Aldana propone nombrar el campo de tochito \u201cRa\u00fal Hern\u00e1ndez El Rulo\u201d; Cabildo aprueba por unanimidad."},"content":{"rendered":"<p>El presidente municipal de Camargo, Jorge Aldana, propuso ante el Honorable Ayuntamiento que el nuevo campo de tochito lleve el nombre de Ra\u00fal Hern\u00e1ndez \u201cEl Rulo\u201d, en reconocimiento a su trayectoria y aportaci\u00f3n al desarrollo de este deporte en el municipio.<\/p>\n<p>La iniciativa fue impulsada por el Comit\u00e9 de Tochito, quien present\u00f3 la propuesta para rendir un homenaje a quien es considerado uno de los principales iniciadores y promotores del tochito bandera y del f\u00fatbol americano en Camargo. Durante la sesi\u00f3n ordinaria de Cabildo celebrada ayer, la propuesta fue aprobada por unanimidad por las y los regidores del Ayuntamiento.<\/p>\n<p>Ra\u00fal Hern\u00e1ndez ha destacado a lo largo de los a\u00f1os como pionero, impulsor y formador, dejando un legado deportivo, formativo y social de gran impacto, especialmente en la ni\u00f1ez y juventud camarguense, as\u00ed como en la comunidad en general.<\/p>\n<p>Con esta acci\u00f3n, el Gobierno Municipal de Camargo reconoce el valor de quienes, a trav\u00e9s del deporte, han contribuido a la construcci\u00f3n de una sociedad m\u00e1s sana, unida y con mayores oportunidades para las nuevas generaciones.<\/p>\n","protected":false},"excerpt":{"rendered":"<p>El presidente municipal de Camargo, Jorge Aldana, propuso ante el Honorable Ayuntamiento que el nuevo campo de tochito lleve el nombre de Ra\u00fal Hern\u00e1ndez \u201cEl Rulo\u201d, en reconocimiento a su trayectoria y aportaci\u00f3n al desarrollo de este deporte en el municipio. La iniciativa fue impulsada por el Comit\u00e9 de Tochito, quien present\u00f3 la propuesta para rendir un homenaje a quien es considerado uno de los principales iniciadores y promotores del tochito bandera y del f\u00fatbol americano en Camargo. Durante la sesi\u00f3n ordinaria de Cabildo celebrada ayer, la propuesta fue aprobada por unanimidad por las y los regidores del Ayuntamiento. Ra\u00fal Hern\u00e1ndez ha destacado a lo largo de los a\u00f1os como pionero, impulsor y formador, dejando un legado deportivo, formativo y social de gran impacto, especialmente en la ni\u00f1ez y juventud camarguense, as\u00ed como en la comunidad en general. Con esta acci\u00f3n, el Gobierno Municipal de Camargo reconoce el valor de quienes, a trav\u00e9s del deporte, han contribuido a la construcci\u00f3n de una sociedad m\u00e1s sana, unida y con mayores oportunidades para las nuevas generaciones.<\/p>\n","protected":false},"author":2,"featured_media":19732,"comment_status":"open","ping_status":"open","sticky":false,"template":"","format":"standard","meta":{"_monsterinsights_skip_tracking":false,"_monsterinsights_sitenote_active":false,"_monsterinsights_sitenote_note":"","_monsterinsights_sitenote_category":0,"advanced_seo_description":"","jetpack_seo_html_title":"","jetpack_seo_noindex":false,"_jetpack_memberships_contains_paid_content":false,"footnotes":"","jetpack_publicize_message":"","jetpack_publicize_feature_enabled":true,"jetpack_social_post_already_shared":true,"jetpack_social_options":{"image_generator_settings":{"template":"highway","enabled":false},"version":2}},"categories":[8,135,11],"tags":[],"class_list":["post-19731","post","type-post","status-publish","format-standard","has-post-thumbnail","hentry","category-estado","category-lo-mas-leido","category-principal"],"jetpack_publicize_connections":[],"jetpack_sharing_enabled":true,"jetpack_featured_media_url":"https:\/\/i0.wp.com\/alcierrenoticias.com\/wp-content\/uploads\/2026\/01\/WhatsApp-Image-2026-01-08-at-6.21.51-PM.jpeg?fit=1600%2C959&ssl=1","amp_enabled":true,"_links":{"self":[{"href":"https:\/\/alcierrenoticias.com\/index.php\/wp-json\/wp\/v2\/posts\/19731","targetHints":{"allow":["GET"]}}],"collection":[{"href":"https:\/\/alcierrenoticias.com\/index.php\/wp-json\/wp\/v2\/posts"}],"about":[{"href":"https:\/\/alcierrenoticias.com\/index.php\/wp-json\/wp\/v2\/types\/post"}],"author":[{"embeddable":true,"href":"https:\/\/alcierrenoticias.com\/index.php\/wp-json\/wp\/v2\/users\/2"}],"replies":[{"embeddable":true,"href":"https:\/\/alcierrenoticias.com\/index.php\/wp-json\/wp\/v2\/comments?post=19731"}],"version-history":[{"count":2,"href":"https:\/\/alcierrenoticias.com\/index.php\/wp-json\/wp\/v2\/posts\/19731\/revisions"}],"predecessor-version":[{"id":19734,"href":"https:\/\/alcierrenoticias.com\/index.php\/wp-json\/wp\/v2\/posts\/19731\/revisions\/19734"}],"wp:featuredmedia":[{"embeddable":true,"href":"https:\/\/alcierrenoticias.com\/index.php\/wp-json\/wp\/v2\/media\/19732"}],"wp:attachment":[{"href":"https:\/\/alcierrenoticias.com\/index.php\/wp-json\/wp\/v2\/media?parent=19731"}],"wp:term":[{"taxonomy":"category","embeddable":true,"href":"https:\/\/alcierrenoticias.com\/index.php\/wp-json\/wp\/v2\/categories?post=19731"},{"taxonomy":"post_tag","embeddable":true,"href":"https:\/\/alcierrenoticias.com\/index.php\/wp-json\/wp\/v2\/tags?post=19731"}],"curies":[{"name":"wp","href":"https:\/\/api.w.org\/{rel}","templated":true}]}}