{"id":19694,"date":"2026-01-06T21:49:07","date_gmt":"2026-01-07T03:49:07","guid":{"rendered":"https:\/\/alcierrenoticias.com\/?p=19694"},"modified":"2026-01-06T23:50:39","modified_gmt":"2026-01-07T05:50:39","slug":"jorge-aldana-fortalece-el-apoyo-alimentario-con-aportacion-economica-a-caritas-banco-de-alimentos","status":"publish","type":"post","link":"https:\/\/alcierrenoticias.com\/index.php\/2026\/01\/06\/jorge-aldana-fortalece-el-apoyo-alimentario-con-aportacion-economica-a-caritas-banco-de-alimentos\/","title":{"rendered":"Jorge Aldana fortalece el apoyo alimentario con aportaci\u00f3n econ\u00f3mica a C\u00c1RITAS Banco de alimentos."},"content":{"rendered":"<p>El presidente municipal de Camargo, Jorge Aldana, realiz\u00f3 una aportaci\u00f3n econ\u00f3mica importante a C\u00c1RITAS Banco de Alimentos, mediante la Direcci\u00f3n de Desarrollo Humano, con el objetivo de fortalecer los apoyos de asistencia alimentaria que esta asociaci\u00f3n brinda a las y los camarguenses.<\/p>\n<p>Jorge Aldana destac\u00f3 la importancia de trabajar de manera coordinada con organizaciones de la sociedad civil que realizan una labor fundamental en beneficio de las familias, se\u00f1alando que la suma de esfuerzos permite ampliar el alcance de los apoyos sociales.<\/p>\n<p>El Gobierno Municipal continuar\u00e1 respaldando a asociaciones como C\u00c1RITAS Banco de Alimentos, consolidando una gran mancuerna, ya que el gobierno no puede solo y es a trav\u00e9s del trabajo conjunto como se logran mejores resultados.<\/p>\n<p>Con este apoyo, se fortalecen las acciones de atenci\u00f3n alimentaria y se genera un impacto positivo en la calidad de vida de muchas familias camarguenses, reafirmando el compromiso de la administraci\u00f3n municipal con quienes m\u00e1s lo necesitan.<\/p>\n","protected":false},"excerpt":{"rendered":"<p>El presidente municipal de Camargo, Jorge Aldana, realiz\u00f3 una aportaci\u00f3n econ\u00f3mica importante a C\u00c1RITAS Banco de Alimentos, mediante la Direcci\u00f3n de Desarrollo Humano, con el objetivo de fortalecer los apoyos de asistencia alimentaria que esta asociaci\u00f3n brinda a las y los camarguenses. Jorge Aldana destac\u00f3 la importancia de trabajar de manera coordinada con organizaciones de la sociedad civil que realizan una labor fundamental en beneficio de las familias, se\u00f1alando que la suma de esfuerzos permite ampliar el alcance de los apoyos sociales. El Gobierno Municipal continuar\u00e1 respaldando a asociaciones como C\u00c1RITAS Banco de Alimentos, consolidando una gran mancuerna, ya que el gobierno no puede solo y es a trav\u00e9s del trabajo conjunto como se logran mejores resultados. Con este apoyo, se fortalecen las acciones de atenci\u00f3n alimentaria y se genera un impacto positivo en la calidad de vida de muchas familias camarguenses, reafirmando el compromiso de la administraci\u00f3n municipal con quienes m\u00e1s lo necesitan.<\/p>\n","protected":false},"author":2,"featured_media":19695,"comment_status":"open","ping_status":"open","sticky":false,"template":"","format":"standard","meta":{"_monsterinsights_skip_tracking":false,"_monsterinsights_sitenote_active":false,"_monsterinsights_sitenote_note":"","_monsterinsights_sitenote_category":0,"advanced_seo_description":"","jetpack_seo_html_title":"","jetpack_seo_noindex":false,"_jetpack_memberships_contains_paid_content":false,"footnotes":"","jetpack_publicize_message":"","jetpack_publicize_feature_enabled":true,"jetpack_social_post_already_shared":true,"jetpack_social_options":{"image_generator_settings":{"template":"highway","enabled":false},"version":2}},"categories":[8,135,11],"tags":[],"class_list":["post-19694","post","type-post","status-publish","format-standard","has-post-thumbnail","hentry","category-estado","category-lo-mas-leido","category-principal"],"jetpack_publicize_connections":[],"jetpack_sharing_enabled":true,"jetpack_featured_media_url":"https:\/\/i0.wp.com\/alcierrenoticias.com\/wp-content\/uploads\/2026\/01\/WhatsApp-Image-2026-01-06-at-10.17.04-PM.jpeg?fit=1500%2C1000&ssl=1","amp_enabled":true,"_links":{"self":[{"href":"https:\/\/alcierrenoticias.com\/index.php\/wp-json\/wp\/v2\/posts\/19694","targetHints":{"allow":["GET"]}}],"collection":[{"href":"https:\/\/alcierrenoticias.com\/index.php\/wp-json\/wp\/v2\/posts"}],"about":[{"href":"https:\/\/alcierrenoticias.com\/index.php\/wp-json\/wp\/v2\/types\/post"}],"author":[{"embeddable":true,"href":"https:\/\/alcierrenoticias.com\/index.php\/wp-json\/wp\/v2\/users\/2"}],"replies":[{"embeddable":true,"href":"https:\/\/alcierrenoticias.com\/index.php\/wp-json\/wp\/v2\/comments?post=19694"}],"version-history":[{"count":2,"href":"https:\/\/alcierrenoticias.com\/index.php\/wp-json\/wp\/v2\/posts\/19694\/revisions"}],"predecessor-version":[{"id":19697,"href":"https:\/\/alcierrenoticias.com\/index.php\/wp-json\/wp\/v2\/posts\/19694\/revisions\/19697"}],"wp:featuredmedia":[{"embeddable":true,"href":"https:\/\/alcierrenoticias.com\/index.php\/wp-json\/wp\/v2\/media\/19695"}],"wp:attachment":[{"href":"https:\/\/alcierrenoticias.com\/index.php\/wp-json\/wp\/v2\/media?parent=19694"}],"wp:term":[{"taxonomy":"category","embeddable":true,"href":"https:\/\/alcierrenoticias.com\/index.php\/wp-json\/wp\/v2\/categories?post=19694"},{"taxonomy":"post_tag","embeddable":true,"href":"https:\/\/alcierrenoticias.com\/index.php\/wp-json\/wp\/v2\/tags?post=19694"}],"curies":[{"name":"wp","href":"https:\/\/api.w.org\/{rel}","templated":true}]}}