{"id":19661,"date":"2026-01-05T12:19:00","date_gmt":"2026-01-05T18:19:00","guid":{"rendered":"https:\/\/alcierrenoticias.com\/?p=19661"},"modified":"2026-01-05T13:41:22","modified_gmt":"2026-01-05T19:41:22","slug":"celebran-cientos-de-familias-de-meoqui-el-dia-de-reyes-con-mega-rosca-y-show-infantil","status":"publish","type":"post","link":"https:\/\/alcierrenoticias.com\/index.php\/2026\/01\/05\/celebran-cientos-de-familias-de-meoqui-el-dia-de-reyes-con-mega-rosca-y-show-infantil\/","title":{"rendered":"Celebran cientos de familias de Meoqui el D\u00eda de Reyes con mega rosca y show infantil."},"content":{"rendered":"<p>Adem\u00e1s de dulces, regalos y la presencia de los Reyes Magos<\/p>\n<p>En un ambiente de alegr\u00eda, tradici\u00f3n y uni\u00f3n familiar, la alcaldesa de Meoqui, Miriam Soto, encabez\u00f3 la celebraci\u00f3n del D\u00eda de Reyes Magos en la Plaza Principal, donde cientos de familias se dieron cita para disfrutar de una tarde llena de sorpresas y convivencia con el show del payaso Bomb\u00edn, la mega rosca de 50 metros, adem\u00e1s de dulces, regalos y la presencia de los Reyes Magos, as\u00ed como tambi\u00e9n el tradicional Domingo de Serenata.<\/p>\n<p>\u201cEstoy muy contenta de ver esta plaza llena, llena de familias, que ese es el principal objetivo: la uni\u00f3n familiar, conservar nuestras tradiciones y, sobre todo, estar unidos\u201d, expres\u00f3 la alcaldesa, deseando que este 2026 sea un a\u00f1o lleno de bendiciones para todas las familias del municipio.<\/p>\n<p>La alcaldesa agradeci\u00f3 el apoyo y la colaboraci\u00f3n del diputado Ismael P\u00e9rez Pav\u00eda, el Club Activo 2030, el grupo Juventinos de la Cruz Roja, la Direcci\u00f3n de Desarrollo Social, as\u00ed como de la Escuela L\u00b4Ecole Du Chef, quienes hicieron posible la elaboraci\u00f3n de la mega rosca para que alcanzara para todas las familias asistentes.<\/p>\n<p>Finalmente, reiter\u00f3 que estas actividades fortalecen el tejido social y refrendan el compromiso del Gobierno Municipal de seguir impulsando espacios de convivencia que fomenten la uni\u00f3n familiar y la preservaci\u00f3n de las tradiciones en Meoqui.<\/p>\n","protected":false},"excerpt":{"rendered":"<p>Adem\u00e1s de dulces, regalos y la presencia de los Reyes Magos En un ambiente de alegr\u00eda, tradici\u00f3n y uni\u00f3n familiar, la alcaldesa de Meoqui, Miriam Soto, encabez\u00f3 la celebraci\u00f3n del D\u00eda de Reyes Magos en la Plaza Principal, donde cientos de familias se dieron cita para disfrutar de una tarde llena de sorpresas y convivencia con el show del payaso Bomb\u00edn, la mega rosca de 50 metros, adem\u00e1s de dulces, regalos y la presencia de los Reyes Magos, as\u00ed como tambi\u00e9n el tradicional Domingo de Serenata. \u201cEstoy muy contenta de ver esta plaza llena, llena de familias, que ese es el principal objetivo: la uni\u00f3n familiar, conservar nuestras tradiciones y, sobre todo, estar unidos\u201d, expres\u00f3 la alcaldesa, deseando que este 2026 sea un a\u00f1o lleno de bendiciones para todas las familias del municipio. La alcaldesa agradeci\u00f3 el apoyo y la colaboraci\u00f3n del diputado Ismael P\u00e9rez Pav\u00eda, el Club Activo 2030, el grupo Juventinos de la Cruz Roja, la Direcci\u00f3n de Desarrollo Social, as\u00ed como de la Escuela L\u00b4Ecole Du Chef, quienes hicieron posible la elaboraci\u00f3n de la mega rosca para que alcanzara para todas las familias asistentes. Finalmente, reiter\u00f3 que estas actividades fortalecen el tejido social y refrendan el compromiso del Gobierno Municipal de seguir impulsando espacios de convivencia que fomenten la uni\u00f3n familiar y la preservaci\u00f3n de las tradiciones en Meoqui.<\/p>\n","protected":false},"author":2,"featured_media":19662,"comment_status":"open","ping_status":"open","sticky":false,"template":"","format":"standard","meta":{"_monsterinsights_skip_tracking":false,"_monsterinsights_sitenote_active":false,"_monsterinsights_sitenote_note":"","_monsterinsights_sitenote_category":0,"advanced_seo_description":"","jetpack_seo_html_title":"","jetpack_seo_noindex":false,"_jetpack_memberships_contains_paid_content":false,"footnotes":"","jetpack_publicize_message":"","jetpack_publicize_feature_enabled":true,"jetpack_social_post_already_shared":true,"jetpack_social_options":{"image_generator_settings":{"template":"highway","enabled":false},"version":2}},"categories":[135,7,11],"tags":[],"class_list":["post-19661","post","type-post","status-publish","format-standard","has-post-thumbnail","hentry","category-lo-mas-leido","category-local","category-principal"],"jetpack_publicize_connections":[],"jetpack_sharing_enabled":true,"jetpack_featured_media_url":"https:\/\/i0.wp.com\/alcierrenoticias.com\/wp-content\/uploads\/2026\/01\/WhatsApp-Image-2026-01-05-at-11.44.53-AM.jpeg?fit=1600%2C1066&ssl=1","amp_enabled":true,"_links":{"self":[{"href":"https:\/\/alcierrenoticias.com\/index.php\/wp-json\/wp\/v2\/posts\/19661","targetHints":{"allow":["GET"]}}],"collection":[{"href":"https:\/\/alcierrenoticias.com\/index.php\/wp-json\/wp\/v2\/posts"}],"about":[{"href":"https:\/\/alcierrenoticias.com\/index.php\/wp-json\/wp\/v2\/types\/post"}],"author":[{"embeddable":true,"href":"https:\/\/alcierrenoticias.com\/index.php\/wp-json\/wp\/v2\/users\/2"}],"replies":[{"embeddable":true,"href":"https:\/\/alcierrenoticias.com\/index.php\/wp-json\/wp\/v2\/comments?post=19661"}],"version-history":[{"count":2,"href":"https:\/\/alcierrenoticias.com\/index.php\/wp-json\/wp\/v2\/posts\/19661\/revisions"}],"predecessor-version":[{"id":19664,"href":"https:\/\/alcierrenoticias.com\/index.php\/wp-json\/wp\/v2\/posts\/19661\/revisions\/19664"}],"wp:featuredmedia":[{"embeddable":true,"href":"https:\/\/alcierrenoticias.com\/index.php\/wp-json\/wp\/v2\/media\/19662"}],"wp:attachment":[{"href":"https:\/\/alcierrenoticias.com\/index.php\/wp-json\/wp\/v2\/media?parent=19661"}],"wp:term":[{"taxonomy":"category","embeddable":true,"href":"https:\/\/alcierrenoticias.com\/index.php\/wp-json\/wp\/v2\/categories?post=19661"},{"taxonomy":"post_tag","embeddable":true,"href":"https:\/\/alcierrenoticias.com\/index.php\/wp-json\/wp\/v2\/tags?post=19661"}],"curies":[{"name":"wp","href":"https:\/\/api.w.org\/{rel}","templated":true}]}}