{"id":19657,"date":"2026-01-05T11:50:21","date_gmt":"2026-01-05T17:50:21","guid":{"rendered":"https:\/\/alcierrenoticias.com\/?p=19657"},"modified":"2026-01-05T13:38:43","modified_gmt":"2026-01-05T19:38:43","slug":"dif-municipal-en-conjunto-con-gric-entrega-maquina-braille-para-fortalecer-la-educacion-inclusiva","status":"publish","type":"post","link":"https:\/\/alcierrenoticias.com\/index.php\/2026\/01\/05\/dif-municipal-en-conjunto-con-gric-entrega-maquina-braille-para-fortalecer-la-educacion-inclusiva\/","title":{"rendered":"DIF Municipal, en conjunto con GRIC, entrega m\u00e1quina Braille para fortalecer la educaci\u00f3n inclusiva."},"content":{"rendered":"<p>El DIF Municipal, en conjunto con la Asociaci\u00f3n GRIC, realiz\u00f3 la entrega de una m\u00e1quina Braille como parte del compromiso de esta administraci\u00f3n con la inclusi\u00f3n y el acceso equitativo a la educaci\u00f3n.<\/p>\n<p>Este apoyo fue posible gracias a una parte de los recursos recaudados durante el Radiotelet\u00f3n, as\u00ed como a la aportaci\u00f3n de la Asociaci\u00f3n GRIC, demostrando que la suma de esfuerzos entre sociedad civil y gobierno permite generar acciones con un impacto real.<\/p>\n<p>Con esta herramienta se fortalece la educaci\u00f3n de Carlitos, facilitando su proceso de aprendizaje y brind\u00e1ndole mejores condiciones para continuar con su formaci\u00f3n acad\u00e9mica.<\/p>\n<p>El Gobierno Municipal y el DIF Municipal contin\u00faan trabajando con sensibilidad y responsabilidad social, impulsando pol\u00edticas p\u00fablicas que promueven la igualdad de oportunidades y mejoran la calidad de vida de las familias camarguenses.<\/p>\n","protected":false},"excerpt":{"rendered":"<p>El DIF Municipal, en conjunto con la Asociaci\u00f3n GRIC, realiz\u00f3 la entrega de una m\u00e1quina Braille como parte del compromiso de esta administraci\u00f3n con la inclusi\u00f3n y el acceso equitativo a la educaci\u00f3n. Este apoyo fue posible gracias a una parte de los recursos recaudados durante el Radiotelet\u00f3n, as\u00ed como a la aportaci\u00f3n de la Asociaci\u00f3n GRIC, demostrando que la suma de esfuerzos entre sociedad civil y gobierno permite generar acciones con un impacto real. Con esta herramienta se fortalece la educaci\u00f3n de Carlitos, facilitando su proceso de aprendizaje y brind\u00e1ndole mejores condiciones para continuar con su formaci\u00f3n acad\u00e9mica. El Gobierno Municipal y el DIF Municipal contin\u00faan trabajando con sensibilidad y responsabilidad social, impulsando pol\u00edticas p\u00fablicas que promueven la igualdad de oportunidades y mejoran la calidad de vida de las familias camarguenses.<\/p>\n","protected":false},"author":2,"featured_media":19658,"comment_status":"open","ping_status":"open","sticky":false,"template":"","format":"standard","meta":{"_monsterinsights_skip_tracking":false,"_monsterinsights_sitenote_active":false,"_monsterinsights_sitenote_note":"","_monsterinsights_sitenote_category":0,"advanced_seo_description":"","jetpack_seo_html_title":"","jetpack_seo_noindex":false,"_jetpack_memberships_contains_paid_content":false,"footnotes":"","jetpack_publicize_message":"","jetpack_publicize_feature_enabled":true,"jetpack_social_post_already_shared":true,"jetpack_social_options":{"image_generator_settings":{"template":"highway","enabled":false},"version":2}},"categories":[8,135,11],"tags":[],"class_list":["post-19657","post","type-post","status-publish","format-standard","has-post-thumbnail","hentry","category-estado","category-lo-mas-leido","category-principal"],"jetpack_publicize_connections":[],"jetpack_sharing_enabled":true,"jetpack_featured_media_url":"https:\/\/i0.wp.com\/alcierrenoticias.com\/wp-content\/uploads\/2026\/01\/WhatsApp-Image-2026-01-05-at-11.44.16-AM.jpeg?fit=1500%2C1000&ssl=1","amp_enabled":true,"_links":{"self":[{"href":"https:\/\/alcierrenoticias.com\/index.php\/wp-json\/wp\/v2\/posts\/19657","targetHints":{"allow":["GET"]}}],"collection":[{"href":"https:\/\/alcierrenoticias.com\/index.php\/wp-json\/wp\/v2\/posts"}],"about":[{"href":"https:\/\/alcierrenoticias.com\/index.php\/wp-json\/wp\/v2\/types\/post"}],"author":[{"embeddable":true,"href":"https:\/\/alcierrenoticias.com\/index.php\/wp-json\/wp\/v2\/users\/2"}],"replies":[{"embeddable":true,"href":"https:\/\/alcierrenoticias.com\/index.php\/wp-json\/wp\/v2\/comments?post=19657"}],"version-history":[{"count":2,"href":"https:\/\/alcierrenoticias.com\/index.php\/wp-json\/wp\/v2\/posts\/19657\/revisions"}],"predecessor-version":[{"id":19660,"href":"https:\/\/alcierrenoticias.com\/index.php\/wp-json\/wp\/v2\/posts\/19657\/revisions\/19660"}],"wp:featuredmedia":[{"embeddable":true,"href":"https:\/\/alcierrenoticias.com\/index.php\/wp-json\/wp\/v2\/media\/19658"}],"wp:attachment":[{"href":"https:\/\/alcierrenoticias.com\/index.php\/wp-json\/wp\/v2\/media?parent=19657"}],"wp:term":[{"taxonomy":"category","embeddable":true,"href":"https:\/\/alcierrenoticias.com\/index.php\/wp-json\/wp\/v2\/categories?post=19657"},{"taxonomy":"post_tag","embeddable":true,"href":"https:\/\/alcierrenoticias.com\/index.php\/wp-json\/wp\/v2\/tags?post=19657"}],"curies":[{"name":"wp","href":"https:\/\/api.w.org\/{rel}","templated":true}]}}