{"id":19641,"date":"2026-01-02T15:45:38","date_gmt":"2026-01-02T21:45:38","guid":{"rendered":"https:\/\/alcierrenoticias.com\/?p=19641"},"modified":"2026-01-02T23:49:16","modified_gmt":"2026-01-03T05:49:16","slug":"jorge-aldana-reconoce-valentia-y-esfuerzo-de-las-y-los-policias-de-camargo-hoy-en-su-dia","status":"publish","type":"post","link":"https:\/\/alcierrenoticias.com\/index.php\/2026\/01\/02\/jorge-aldana-reconoce-valentia-y-esfuerzo-de-las-y-los-policias-de-camargo-hoy-en-su-dia\/","title":{"rendered":"Jorge Aldana reconoce valent\u00eda y esfuerzo de las y los polic\u00edas de Camargo, hoy en su d\u00eda."},"content":{"rendered":"<p>En el marco de la conmemoraci\u00f3n del D\u00eda Internacional del Polic\u00eda, el presidente municipal de Camargo, Jorge Aldana, reconoci\u00f3 la valent\u00eda, el esfuerzo y la entrega diaria de los elementos de la Polic\u00eda Municipal, quienes trabajan de manera permanente para mantener la tranquilidad y seguridad de la ciudad.<\/p>\n<p>El alcalde destac\u00f3 que el reconocimiento a las y los polic\u00edas no debe limitarse a una sola fecha, ya que su labor implica sacrificio, compromiso y vocaci\u00f3n de servicio todos los d\u00edas del a\u00f1o, muchas veces poniendo en riesgo su integridad para proteger a las familias camarguenses.<\/p>\n<p>Como parte de este reconocimiento, Jorge Aldana inform\u00f3 que en las pr\u00f3ximas semanas se realizar\u00e1 la entrega de uniformes a todos los elementos de la corporaci\u00f3n, acci\u00f3n que se suma al esfuerzo continuo del Gobierno Municipal para fortalecer la seguridad p\u00fablica mediante la adquisici\u00f3n de nuevas unidades y mejor equipamiento, con el objetivo de brindar mejores condiciones de trabajo a las y los polic\u00edas.<\/p>\n<p>Asimismo, se\u00f1al\u00f3 que para conmemorar esta fecha especial, este d\u00eda se llevar\u00e1 a cabo una cena baile a partir de las 9:00 de la noche en un sal\u00f3n de la ciudad, como un espacio de convivencia y reconocimiento para quienes integran la corporaci\u00f3n policial.<\/p>\n","protected":false},"excerpt":{"rendered":"<p>En el marco de la conmemoraci\u00f3n del D\u00eda Internacional del Polic\u00eda, el presidente municipal de Camargo, Jorge Aldana, reconoci\u00f3 la valent\u00eda, el esfuerzo y la entrega diaria de los elementos de la Polic\u00eda Municipal, quienes trabajan de manera permanente para mantener la tranquilidad y seguridad de la ciudad. El alcalde destac\u00f3 que el reconocimiento a las y los polic\u00edas no debe limitarse a una sola fecha, ya que su labor implica sacrificio, compromiso y vocaci\u00f3n de servicio todos los d\u00edas del a\u00f1o, muchas veces poniendo en riesgo su integridad para proteger a las familias camarguenses. Como parte de este reconocimiento, Jorge Aldana inform\u00f3 que en las pr\u00f3ximas semanas se realizar\u00e1 la entrega de uniformes a todos los elementos de la corporaci\u00f3n, acci\u00f3n que se suma al esfuerzo continuo del Gobierno Municipal para fortalecer la seguridad p\u00fablica mediante la adquisici\u00f3n de nuevas unidades y mejor equipamiento, con el objetivo de brindar mejores condiciones de trabajo a las y los polic\u00edas. Asimismo, se\u00f1al\u00f3 que para conmemorar esta fecha especial, este d\u00eda se llevar\u00e1 a cabo una cena baile a partir de las 9:00 de la noche en un sal\u00f3n de la ciudad, como un espacio de convivencia y reconocimiento para quienes integran la corporaci\u00f3n policial.<\/p>\n","protected":false},"author":2,"featured_media":19642,"comment_status":"open","ping_status":"open","sticky":false,"template":"","format":"standard","meta":{"_monsterinsights_skip_tracking":false,"_monsterinsights_sitenote_active":false,"_monsterinsights_sitenote_note":"","_monsterinsights_sitenote_category":0,"advanced_seo_description":"","jetpack_seo_html_title":"","jetpack_seo_noindex":false,"_jetpack_memberships_contains_paid_content":false,"footnotes":"","jetpack_publicize_message":"","jetpack_publicize_feature_enabled":true,"jetpack_social_post_already_shared":true,"jetpack_social_options":{"image_generator_settings":{"template":"highway","enabled":false},"version":2}},"categories":[8,135,11],"tags":[],"class_list":["post-19641","post","type-post","status-publish","format-standard","has-post-thumbnail","hentry","category-estado","category-lo-mas-leido","category-principal"],"jetpack_publicize_connections":[],"jetpack_sharing_enabled":true,"jetpack_featured_media_url":"https:\/\/i0.wp.com\/alcierrenoticias.com\/wp-content\/uploads\/2026\/01\/WhatsApp-Image-2026-01-02-at-3.41.09-PM.jpeg?fit=1200%2C800&ssl=1","amp_enabled":true,"_links":{"self":[{"href":"https:\/\/alcierrenoticias.com\/index.php\/wp-json\/wp\/v2\/posts\/19641","targetHints":{"allow":["GET"]}}],"collection":[{"href":"https:\/\/alcierrenoticias.com\/index.php\/wp-json\/wp\/v2\/posts"}],"about":[{"href":"https:\/\/alcierrenoticias.com\/index.php\/wp-json\/wp\/v2\/types\/post"}],"author":[{"embeddable":true,"href":"https:\/\/alcierrenoticias.com\/index.php\/wp-json\/wp\/v2\/users\/2"}],"replies":[{"embeddable":true,"href":"https:\/\/alcierrenoticias.com\/index.php\/wp-json\/wp\/v2\/comments?post=19641"}],"version-history":[{"count":2,"href":"https:\/\/alcierrenoticias.com\/index.php\/wp-json\/wp\/v2\/posts\/19641\/revisions"}],"predecessor-version":[{"id":19644,"href":"https:\/\/alcierrenoticias.com\/index.php\/wp-json\/wp\/v2\/posts\/19641\/revisions\/19644"}],"wp:featuredmedia":[{"embeddable":true,"href":"https:\/\/alcierrenoticias.com\/index.php\/wp-json\/wp\/v2\/media\/19642"}],"wp:attachment":[{"href":"https:\/\/alcierrenoticias.com\/index.php\/wp-json\/wp\/v2\/media?parent=19641"}],"wp:term":[{"taxonomy":"category","embeddable":true,"href":"https:\/\/alcierrenoticias.com\/index.php\/wp-json\/wp\/v2\/categories?post=19641"},{"taxonomy":"post_tag","embeddable":true,"href":"https:\/\/alcierrenoticias.com\/index.php\/wp-json\/wp\/v2\/tags?post=19641"}],"curies":[{"name":"wp","href":"https:\/\/api.w.org\/{rel}","templated":true}]}}