{"id":19629,"date":"2026-01-02T12:10:24","date_gmt":"2026-01-02T18:10:24","guid":{"rendered":"https:\/\/alcierrenoticias.com\/?p=19629"},"modified":"2026-01-02T23:38:32","modified_gmt":"2026-01-03T05:38:32","slug":"reconoce-valenciano-labor-policial-durante-misa-por-el-dia-del-policia","status":"publish","type":"post","link":"https:\/\/alcierrenoticias.com\/index.php\/2026\/01\/02\/reconoce-valenciano-labor-policial-durante-misa-por-el-dia-del-policia\/","title":{"rendered":"Reconoce Valenciano labor policial durante misa por el D\u00eda del Polic\u00eda."},"content":{"rendered":"<p>La vocaci\u00f3n, el valor y el compromiso que diariamente entregan las y los polic\u00edas de Delicias fueron reconocidos la ma\u00f1ana de este 2 de enero, durante la misa celebrada en el Complejo de Seguridad P\u00fablica, acto encabezado por el presidente municipal Jes\u00fas Valenciano en el marco del D\u00eda del Polic\u00eda, donde se destac\u00f3 la trascendencia de su labor para la tranquilidad y seguridad de las familias del municipio.<\/p>\n<p>Durante el acto religioso, oficiado por Fray Gerardo, de la orden de los Franciscanos, y donde tambi\u00e9n estuvo presente el director de Seguridad P\u00fablica, V\u00edctor Hugo Soto, as\u00ed como elementos activos de la corporaci\u00f3n, el alcalde destac\u00f3 que esta celebraci\u00f3n se ha convertido en una tradici\u00f3n de la direcci\u00f3n de Seguridad P\u00fablica, al iniciar la conmemoraci\u00f3n encomend\u00e1ndose a Dios y recibiendo la bendici\u00f3n para el a\u00f1o 2026, tanto para los elementos activos como para sus familias.<\/p>\n<p>En su mensaje, Valenciano Garc\u00eda subray\u00f3 la importancia y el valor del trabajo que realizan los polic\u00edas de Delicias, resaltando que el fortalecimiento de la corporaci\u00f3n ha sido una prioridad constante. Se\u00f1al\u00f3 que en la ceremonia se cont\u00f3 con la presencia de m\u00e1s de 20 cadetes, quienes forman parte de la nueva generaci\u00f3n de oficiales que pr\u00f3ximamente estar\u00e1n al servicio del municipio.<\/p>\n<p>Asimismo, el presidente municipal inform\u00f3 que se mantienen gestiones con el Secretario Estatal de Seguridad P\u00fablica, Gilberto Loya, la gobernadora Maru Campos y la Fiscal\u00eda General del Estado, encabezada por C\u00e9sar J\u00e1uregui, con el objetivo de continuar mejorando la infraestructura y el equipamiento del \u00e1rea de seguridad. Destac\u00f3 que Delicias es hoy uno de los C7 m\u00e1s importantes del estado de Chihuahua, fungiendo como subcentro Centinela que da servicio a toda la regi\u00f3n centro, con cerca de 300 c\u00e1maras, arcos de acceso y salida, y tecnolog\u00eda de georreferenciaci\u00f3n.<\/p>\n","protected":false},"excerpt":{"rendered":"<p>La vocaci\u00f3n, el valor y el compromiso que diariamente entregan las y los polic\u00edas de Delicias fueron reconocidos la ma\u00f1ana de este 2 de enero, durante la misa celebrada en el Complejo de Seguridad P\u00fablica, acto encabezado por el presidente municipal Jes\u00fas Valenciano en el marco del D\u00eda del Polic\u00eda, donde se destac\u00f3 la trascendencia de su labor para la tranquilidad y seguridad de las familias del municipio. Durante el acto religioso, oficiado por Fray Gerardo, de la orden de los Franciscanos, y donde tambi\u00e9n estuvo presente el director de Seguridad P\u00fablica, V\u00edctor Hugo Soto, as\u00ed como elementos activos de la corporaci\u00f3n, el alcalde destac\u00f3 que esta celebraci\u00f3n se ha convertido en una tradici\u00f3n de la direcci\u00f3n de Seguridad P\u00fablica, al iniciar la conmemoraci\u00f3n encomend\u00e1ndose a Dios y recibiendo la bendici\u00f3n para el a\u00f1o 2026, tanto para los elementos activos como para sus familias. En su mensaje, Valenciano Garc\u00eda subray\u00f3 la importancia y el valor del trabajo que realizan los polic\u00edas de Delicias, resaltando que el fortalecimiento de la corporaci\u00f3n ha sido una prioridad constante. Se\u00f1al\u00f3 que en la ceremonia se cont\u00f3 con la presencia de m\u00e1s de 20 cadetes, quienes forman parte de la nueva generaci\u00f3n de oficiales que pr\u00f3ximamente estar\u00e1n al servicio del municipio. Asimismo, el presidente municipal inform\u00f3 que se mantienen gestiones con el Secretario Estatal de Seguridad P\u00fablica, Gilberto Loya, la gobernadora Maru Campos y la Fiscal\u00eda General del Estado, encabezada por C\u00e9sar J\u00e1uregui, con el objetivo de continuar mejorando la infraestructura y el equipamiento del \u00e1rea de seguridad. Destac\u00f3 que Delicias es hoy uno de los C7 m\u00e1s importantes del estado de Chihuahua, fungiendo como subcentro Centinela que da servicio a toda la regi\u00f3n centro, con cerca de 300 c\u00e1maras, arcos de acceso y salida, y tecnolog\u00eda de georreferenciaci\u00f3n.<\/p>\n","protected":false},"author":2,"featured_media":19630,"comment_status":"open","ping_status":"open","sticky":false,"template":"","format":"standard","meta":{"_monsterinsights_skip_tracking":false,"_monsterinsights_sitenote_active":false,"_monsterinsights_sitenote_note":"","_monsterinsights_sitenote_category":0,"advanced_seo_description":"","jetpack_seo_html_title":"","jetpack_seo_noindex":false,"_jetpack_memberships_contains_paid_content":false,"footnotes":"","jetpack_publicize_message":"","jetpack_publicize_feature_enabled":true,"jetpack_social_post_already_shared":true,"jetpack_social_options":{"image_generator_settings":{"template":"highway","enabled":false},"version":2}},"categories":[135,7,11],"tags":[],"class_list":["post-19629","post","type-post","status-publish","format-standard","has-post-thumbnail","hentry","category-lo-mas-leido","category-local","category-principal"],"jetpack_publicize_connections":[],"jetpack_sharing_enabled":true,"jetpack_featured_media_url":"https:\/\/i0.wp.com\/alcierrenoticias.com\/wp-content\/uploads\/2026\/01\/WhatsApp-Image-2026-01-02-at-12.05.13-PM.jpeg?fit=1280%2C854&ssl=1","amp_enabled":true,"_links":{"self":[{"href":"https:\/\/alcierrenoticias.com\/index.php\/wp-json\/wp\/v2\/posts\/19629","targetHints":{"allow":["GET"]}}],"collection":[{"href":"https:\/\/alcierrenoticias.com\/index.php\/wp-json\/wp\/v2\/posts"}],"about":[{"href":"https:\/\/alcierrenoticias.com\/index.php\/wp-json\/wp\/v2\/types\/post"}],"author":[{"embeddable":true,"href":"https:\/\/alcierrenoticias.com\/index.php\/wp-json\/wp\/v2\/users\/2"}],"replies":[{"embeddable":true,"href":"https:\/\/alcierrenoticias.com\/index.php\/wp-json\/wp\/v2\/comments?post=19629"}],"version-history":[{"count":2,"href":"https:\/\/alcierrenoticias.com\/index.php\/wp-json\/wp\/v2\/posts\/19629\/revisions"}],"predecessor-version":[{"id":19632,"href":"https:\/\/alcierrenoticias.com\/index.php\/wp-json\/wp\/v2\/posts\/19629\/revisions\/19632"}],"wp:featuredmedia":[{"embeddable":true,"href":"https:\/\/alcierrenoticias.com\/index.php\/wp-json\/wp\/v2\/media\/19630"}],"wp:attachment":[{"href":"https:\/\/alcierrenoticias.com\/index.php\/wp-json\/wp\/v2\/media?parent=19629"}],"wp:term":[{"taxonomy":"category","embeddable":true,"href":"https:\/\/alcierrenoticias.com\/index.php\/wp-json\/wp\/v2\/categories?post=19629"},{"taxonomy":"post_tag","embeddable":true,"href":"https:\/\/alcierrenoticias.com\/index.php\/wp-json\/wp\/v2\/tags?post=19629"}],"curies":[{"name":"wp","href":"https:\/\/api.w.org\/{rel}","templated":true}]}}