{"id":19625,"date":"2026-01-02T22:30:37","date_gmt":"2026-01-03T04:30:37","guid":{"rendered":"https:\/\/alcierrenoticias.com\/?p=19625"},"modified":"2026-01-02T23:34:04","modified_gmt":"2026-01-03T05:34:04","slug":"jorge-aldana-respalda-al-asilo-de-ancianos-san-judas-tadeo-con-apoyo-economico","status":"publish","type":"post","link":"https:\/\/alcierrenoticias.com\/index.php\/2026\/01\/02\/jorge-aldana-respalda-al-asilo-de-ancianos-san-judas-tadeo-con-apoyo-economico\/","title":{"rendered":"Jorge Aldana respalda al Asilo de Ancianos San Judas Tadeo con apoyo econ\u00f3mico."},"content":{"rendered":"<p>Con el objetivo de fortalecer la atenci\u00f3n y el funcionamiento del Asilo de Ancianos San Judas Tadeo, el presidente municipal Jorge Aldana realiz\u00f3 la entrega de un apoyo econ\u00f3mico por 48 mil pesos, destinado a contribuir en los gastos operativos y en los cuidados diarios de las y los adultos mayores que ah\u00ed residen.<\/p>\n<p>Este apoyo fue otorgado a trav\u00e9s de la Direcci\u00f3n de Desarrollo Humano y Bien Com\u00fan, como parte de las acciones que impulsa el Gobierno Municipal para respaldar a instituciones que brindan atenci\u00f3n directa a sectores prioritarios.<\/p>\n<p>El recurso permitir\u00e1 al asilo continuar ofreciendo servicios b\u00e1sicos, atenci\u00f3n digna y mejores condiciones para las personas de la tercera edad, reconociendo la importante labor que realiza esta instituci\u00f3n en beneficio de quienes han dado tanto por Camargo.<\/p>\n<p>El Gobierno Municipal reafirma su compromiso de seguir trabajando de manera cercana con organizaciones sociales, sumando esfuerzos para fortalecer su operatividad y generar un impacto positivo en la calidad de vida de las y los adultos mayores.<\/p>\n","protected":false},"excerpt":{"rendered":"<p>Con el objetivo de fortalecer la atenci\u00f3n y el funcionamiento del Asilo de Ancianos San Judas Tadeo, el presidente municipal Jorge Aldana realiz\u00f3 la entrega de un apoyo econ\u00f3mico por 48 mil pesos, destinado a contribuir en los gastos operativos y en los cuidados diarios de las y los adultos mayores que ah\u00ed residen. Este apoyo fue otorgado a trav\u00e9s de la Direcci\u00f3n de Desarrollo Humano y Bien Com\u00fan, como parte de las acciones que impulsa el Gobierno Municipal para respaldar a instituciones que brindan atenci\u00f3n directa a sectores prioritarios. El recurso permitir\u00e1 al asilo continuar ofreciendo servicios b\u00e1sicos, atenci\u00f3n digna y mejores condiciones para las personas de la tercera edad, reconociendo la importante labor que realiza esta instituci\u00f3n en beneficio de quienes han dado tanto por Camargo. El Gobierno Municipal reafirma su compromiso de seguir trabajando de manera cercana con organizaciones sociales, sumando esfuerzos para fortalecer su operatividad y generar un impacto positivo en la calidad de vida de las y los adultos mayores.<\/p>\n","protected":false},"author":2,"featured_media":19626,"comment_status":"open","ping_status":"open","sticky":false,"template":"","format":"standard","meta":{"_monsterinsights_skip_tracking":false,"_monsterinsights_sitenote_active":false,"_monsterinsights_sitenote_note":"","_monsterinsights_sitenote_category":0,"advanced_seo_description":"","jetpack_seo_html_title":"","jetpack_seo_noindex":false,"_jetpack_memberships_contains_paid_content":false,"footnotes":"","jetpack_publicize_message":"","jetpack_publicize_feature_enabled":true,"jetpack_social_post_already_shared":true,"jetpack_social_options":{"image_generator_settings":{"template":"highway","enabled":false},"version":2}},"categories":[135,7,11],"tags":[],"class_list":["post-19625","post","type-post","status-publish","format-standard","has-post-thumbnail","hentry","category-lo-mas-leido","category-local","category-principal"],"jetpack_publicize_connections":[],"jetpack_sharing_enabled":true,"jetpack_featured_media_url":"https:\/\/i0.wp.com\/alcierrenoticias.com\/wp-content\/uploads\/2026\/01\/WhatsApp-Image-2026-01-02-at-9.59.30-AM.jpeg?fit=1500%2C1000&ssl=1","amp_enabled":true,"_links":{"self":[{"href":"https:\/\/alcierrenoticias.com\/index.php\/wp-json\/wp\/v2\/posts\/19625","targetHints":{"allow":["GET"]}}],"collection":[{"href":"https:\/\/alcierrenoticias.com\/index.php\/wp-json\/wp\/v2\/posts"}],"about":[{"href":"https:\/\/alcierrenoticias.com\/index.php\/wp-json\/wp\/v2\/types\/post"}],"author":[{"embeddable":true,"href":"https:\/\/alcierrenoticias.com\/index.php\/wp-json\/wp\/v2\/users\/2"}],"replies":[{"embeddable":true,"href":"https:\/\/alcierrenoticias.com\/index.php\/wp-json\/wp\/v2\/comments?post=19625"}],"version-history":[{"count":2,"href":"https:\/\/alcierrenoticias.com\/index.php\/wp-json\/wp\/v2\/posts\/19625\/revisions"}],"predecessor-version":[{"id":19628,"href":"https:\/\/alcierrenoticias.com\/index.php\/wp-json\/wp\/v2\/posts\/19625\/revisions\/19628"}],"wp:featuredmedia":[{"embeddable":true,"href":"https:\/\/alcierrenoticias.com\/index.php\/wp-json\/wp\/v2\/media\/19626"}],"wp:attachment":[{"href":"https:\/\/alcierrenoticias.com\/index.php\/wp-json\/wp\/v2\/media?parent=19625"}],"wp:term":[{"taxonomy":"category","embeddable":true,"href":"https:\/\/alcierrenoticias.com\/index.php\/wp-json\/wp\/v2\/categories?post=19625"},{"taxonomy":"post_tag","embeddable":true,"href":"https:\/\/alcierrenoticias.com\/index.php\/wp-json\/wp\/v2\/tags?post=19625"}],"curies":[{"name":"wp","href":"https:\/\/api.w.org\/{rel}","templated":true}]}}