{"id":19587,"date":"2025-12-27T19:39:08","date_gmt":"2025-12-28T01:39:08","guid":{"rendered":"https:\/\/alcierrenoticias.com\/?p=19587"},"modified":"2025-12-30T13:45:19","modified_gmt":"2025-12-30T19:45:19","slug":"llego-el-dia-jorge-aldana-invita-a-familias-camarguenses-a-la-apertura-de-la-pista-de-hielo-hoy-a-las-700-pm","status":"publish","type":"post","link":"https:\/\/alcierrenoticias.com\/index.php\/2025\/12\/27\/llego-el-dia-jorge-aldana-invita-a-familias-camarguenses-a-la-apertura-de-la-pista-de-hielo-hoy-a-las-700-pm\/","title":{"rendered":"\u00a1Lleg\u00f3 el d\u00eda! Jorge Aldana invita a familias camarguenses a la apertura de la pista de hielo hoy a las 7:00 pm."},"content":{"rendered":"<p>El Gobierno Municipal de Camargo invita a todas las familias camarguenses a ser parte de una experiencia \u00fanica, con la apertura de la pista de hielo, un espacio pensado para la convivencia, la diversi\u00f3n y el fortalecimiento del tejido social.<\/p>\n<p>El presidente municipal, Jorge Aldana, extendi\u00f3 la invitaci\u00f3n a ni\u00f1as, ni\u00f1os, j\u00f3venes y adultos para que asistan hoy a partir de las 7:00 de la tarde, y disfruten de esta atracci\u00f3n que forma parte de las actividades recreativas impulsadas para el bienestar de las familias. El costo ser\u00e1 de 75 pesos por persona por la renta de patines por media hora.<\/p>\n<p>\u201cQueremos que las familias de Camargo tengan espacios para convivir, re\u00edr y crear recuerdos juntos. Esta pista de hielo es para todas y todos\u201d, expres\u00f3 el alcalde.<\/p>\n<p>El Gobierno Municipal reitera la invitaci\u00f3n a la ciudadan\u00eda para acudir, divertirse y vivir una noche especial en familia, en un ambiente seguro y lleno de alegr\u00eda.<\/p>\n","protected":false},"excerpt":{"rendered":"<p>El Gobierno Municipal de Camargo invita a todas las familias camarguenses a ser parte de una experiencia \u00fanica, con la apertura de la pista de hielo, un espacio pensado para la convivencia, la diversi\u00f3n y el fortalecimiento del tejido social. El presidente municipal, Jorge Aldana, extendi\u00f3 la invitaci\u00f3n a ni\u00f1as, ni\u00f1os, j\u00f3venes y adultos para que asistan hoy a partir de las 7:00 de la tarde, y disfruten de esta atracci\u00f3n que forma parte de las actividades recreativas impulsadas para el bienestar de las familias. El costo ser\u00e1 de 75 pesos por persona por la renta de patines por media hora. \u201cQueremos que las familias de Camargo tengan espacios para convivir, re\u00edr y crear recuerdos juntos. Esta pista de hielo es para todas y todos\u201d, expres\u00f3 el alcalde. El Gobierno Municipal reitera la invitaci\u00f3n a la ciudadan\u00eda para acudir, divertirse y vivir una noche especial en familia, en un ambiente seguro y lleno de alegr\u00eda.<\/p>\n","protected":false},"author":2,"featured_media":19588,"comment_status":"open","ping_status":"open","sticky":false,"template":"","format":"standard","meta":{"_monsterinsights_skip_tracking":false,"_monsterinsights_sitenote_active":false,"_monsterinsights_sitenote_note":"","_monsterinsights_sitenote_category":0,"advanced_seo_description":"","jetpack_seo_html_title":"","jetpack_seo_noindex":false,"_jetpack_memberships_contains_paid_content":false,"footnotes":"","jetpack_publicize_message":"","jetpack_publicize_feature_enabled":true,"jetpack_social_post_already_shared":true,"jetpack_social_options":{"image_generator_settings":{"template":"highway","enabled":false},"version":2}},"categories":[8,135,11],"tags":[],"class_list":["post-19587","post","type-post","status-publish","format-standard","has-post-thumbnail","hentry","category-estado","category-lo-mas-leido","category-principal"],"jetpack_publicize_connections":[],"jetpack_sharing_enabled":true,"jetpack_featured_media_url":"https:\/\/i0.wp.com\/alcierrenoticias.com\/wp-content\/uploads\/2025\/12\/WhatsApp-Image-2025-12-28-at-10.48.04-PM-e1767123874997.jpeg?fit=400%2C500&ssl=1","amp_enabled":true,"_links":{"self":[{"href":"https:\/\/alcierrenoticias.com\/index.php\/wp-json\/wp\/v2\/posts\/19587","targetHints":{"allow":["GET"]}}],"collection":[{"href":"https:\/\/alcierrenoticias.com\/index.php\/wp-json\/wp\/v2\/posts"}],"about":[{"href":"https:\/\/alcierrenoticias.com\/index.php\/wp-json\/wp\/v2\/types\/post"}],"author":[{"embeddable":true,"href":"https:\/\/alcierrenoticias.com\/index.php\/wp-json\/wp\/v2\/users\/2"}],"replies":[{"embeddable":true,"href":"https:\/\/alcierrenoticias.com\/index.php\/wp-json\/wp\/v2\/comments?post=19587"}],"version-history":[{"count":1,"href":"https:\/\/alcierrenoticias.com\/index.php\/wp-json\/wp\/v2\/posts\/19587\/revisions"}],"predecessor-version":[{"id":19589,"href":"https:\/\/alcierrenoticias.com\/index.php\/wp-json\/wp\/v2\/posts\/19587\/revisions\/19589"}],"wp:featuredmedia":[{"embeddable":true,"href":"https:\/\/alcierrenoticias.com\/index.php\/wp-json\/wp\/v2\/media\/19588"}],"wp:attachment":[{"href":"https:\/\/alcierrenoticias.com\/index.php\/wp-json\/wp\/v2\/media?parent=19587"}],"wp:term":[{"taxonomy":"category","embeddable":true,"href":"https:\/\/alcierrenoticias.com\/index.php\/wp-json\/wp\/v2\/categories?post=19587"},{"taxonomy":"post_tag","embeddable":true,"href":"https:\/\/alcierrenoticias.com\/index.php\/wp-json\/wp\/v2\/tags?post=19587"}],"curies":[{"name":"wp","href":"https:\/\/api.w.org\/{rel}","templated":true}]}}