{"id":19579,"date":"2025-12-28T11:08:30","date_gmt":"2025-12-28T17:08:30","guid":{"rendered":"https:\/\/alcierrenoticias.com\/?p=19579"},"modified":"2025-12-30T13:23:26","modified_gmt":"2025-12-30T19:23:26","slug":"colocan-primera-piedra-del-templo-de-la-sagrada-familia-en-meoqui","status":"publish","type":"post","link":"https:\/\/alcierrenoticias.com\/index.php\/2025\/12\/28\/colocan-primera-piedra-del-templo-de-la-sagrada-familia-en-meoqui\/","title":{"rendered":"Colocan primera piedra del Templo de la Sagrada Familia en Meoqui."},"content":{"rendered":"<p>El nuevo templo estar\u00e1 ubicado en la comunidad de Misi\u00f3n San Pablo; la alcaldesa Miriam Soto fue invitada a este significativo evento para la comunidad<\/p>\n<p>En un ambiente de fe y esperanza por parte de la comunidad, se llev\u00f3 a cabo la colocaci\u00f3n y bendici\u00f3n de la primera piedra del Templo de la Sagrada Familia, un anhelo de las familias de Misi\u00f3n San Pablo, en el municipio de Meoqui.<\/p>\n<p>Durante el acto, el presb\u00edtero Armando S\u00e1nchez, p\u00e1rroco de la Parroquia de San Pablo Ap\u00f3stol, fue el encargado de realizar la bendici\u00f3n de la primera piedra, destacando la importancia de este proyecto espiritual y comunitario que busca consolidarse con el apoyo y participaci\u00f3n de los fieles.<\/p>\n<p>Se inform\u00f3 que el tiempo estimado de construcci\u00f3n es de aproximadamente cinco a\u00f1os, dependiendo principalmente de la colaboraci\u00f3n de la comunidad. Asimismo, se se\u00f1al\u00f3 que el dise\u00f1o arquitect\u00f3nico del templo buscar\u00e1 ser m\u00e1s que una estructura funcional, apostando por un espacio digno, est\u00e9tico y significativo para las familias de la regi\u00f3n.<\/p>\n<p>La alcaldesa Miriam Soto asisti\u00f3 como invitada especial, quien a trav\u00e9s de sus redes sociales expres\u00f3: \u201cHoy se coloc\u00f3 la primera piedra del nuevo Templo Sagrada Familia, un anhelo de la comunidad desde hace tiempo.<br \/>\nS\u00e9 que muy pronto, con la suma de esfuerzos, ser\u00e1 una realidad.<br \/>\nGracias Padre Armando por la invitaci\u00f3n y por dejar siempre un mensaje en el coraz\u00f3n con la reflexi\u00f3n de la palabra.\u201d<\/p>\n","protected":false},"excerpt":{"rendered":"<p>El nuevo templo estar\u00e1 ubicado en la comunidad de Misi\u00f3n San Pablo; la alcaldesa Miriam Soto fue invitada a este significativo evento para la comunidad En un ambiente de fe y esperanza por parte de la comunidad, se llev\u00f3 a cabo la colocaci\u00f3n y bendici\u00f3n de la primera piedra del Templo de la Sagrada Familia, un anhelo de las familias de Misi\u00f3n San Pablo, en el municipio de Meoqui. Durante el acto, el presb\u00edtero Armando S\u00e1nchez, p\u00e1rroco de la Parroquia de San Pablo Ap\u00f3stol, fue el encargado de realizar la bendici\u00f3n de la primera piedra, destacando la importancia de este proyecto espiritual y comunitario que busca consolidarse con el apoyo y participaci\u00f3n de los fieles. Se inform\u00f3 que el tiempo estimado de construcci\u00f3n es de aproximadamente cinco a\u00f1os, dependiendo principalmente de la colaboraci\u00f3n de la comunidad. Asimismo, se se\u00f1al\u00f3 que el dise\u00f1o arquitect\u00f3nico del templo buscar\u00e1 ser m\u00e1s que una estructura funcional, apostando por un espacio digno, est\u00e9tico y significativo para las familias de la regi\u00f3n. La alcaldesa Miriam Soto asisti\u00f3 como invitada especial, quien a trav\u00e9s de sus redes sociales expres\u00f3: \u201cHoy se coloc\u00f3 la primera piedra del nuevo Templo Sagrada Familia, un anhelo de la comunidad desde hace tiempo. S\u00e9 que muy pronto, con la suma de esfuerzos, ser\u00e1 una realidad. Gracias Padre Armando por la invitaci\u00f3n y por dejar siempre un mensaje en el coraz\u00f3n con la reflexi\u00f3n de la palabra.\u201d<\/p>\n","protected":false},"author":2,"featured_media":19580,"comment_status":"open","ping_status":"open","sticky":false,"template":"","format":"standard","meta":{"_monsterinsights_skip_tracking":false,"_monsterinsights_sitenote_active":false,"_monsterinsights_sitenote_note":"","_monsterinsights_sitenote_category":0,"advanced_seo_description":"","jetpack_seo_html_title":"","jetpack_seo_noindex":false,"_jetpack_memberships_contains_paid_content":false,"footnotes":"","jetpack_publicize_message":"","jetpack_publicize_feature_enabled":true,"jetpack_social_post_already_shared":true,"jetpack_social_options":{"image_generator_settings":{"template":"highway","enabled":false},"version":2}},"categories":[135,7,11],"tags":[],"class_list":["post-19579","post","type-post","status-publish","format-standard","has-post-thumbnail","hentry","category-lo-mas-leido","category-local","category-principal"],"jetpack_publicize_connections":[],"jetpack_sharing_enabled":true,"jetpack_featured_media_url":"https:\/\/i0.wp.com\/alcierrenoticias.com\/wp-content\/uploads\/2025\/12\/WhatsApp-Image-2025-12-28-at-10.47.11-PM-e1767122559176.jpeg?fit=500%2C643&ssl=1","amp_enabled":true,"_links":{"self":[{"href":"https:\/\/alcierrenoticias.com\/index.php\/wp-json\/wp\/v2\/posts\/19579","targetHints":{"allow":["GET"]}}],"collection":[{"href":"https:\/\/alcierrenoticias.com\/index.php\/wp-json\/wp\/v2\/posts"}],"about":[{"href":"https:\/\/alcierrenoticias.com\/index.php\/wp-json\/wp\/v2\/types\/post"}],"author":[{"embeddable":true,"href":"https:\/\/alcierrenoticias.com\/index.php\/wp-json\/wp\/v2\/users\/2"}],"replies":[{"embeddable":true,"href":"https:\/\/alcierrenoticias.com\/index.php\/wp-json\/wp\/v2\/comments?post=19579"}],"version-history":[{"count":2,"href":"https:\/\/alcierrenoticias.com\/index.php\/wp-json\/wp\/v2\/posts\/19579\/revisions"}],"predecessor-version":[{"id":19582,"href":"https:\/\/alcierrenoticias.com\/index.php\/wp-json\/wp\/v2\/posts\/19579\/revisions\/19582"}],"wp:featuredmedia":[{"embeddable":true,"href":"https:\/\/alcierrenoticias.com\/index.php\/wp-json\/wp\/v2\/media\/19580"}],"wp:attachment":[{"href":"https:\/\/alcierrenoticias.com\/index.php\/wp-json\/wp\/v2\/media?parent=19579"}],"wp:term":[{"taxonomy":"category","embeddable":true,"href":"https:\/\/alcierrenoticias.com\/index.php\/wp-json\/wp\/v2\/categories?post=19579"},{"taxonomy":"post_tag","embeddable":true,"href":"https:\/\/alcierrenoticias.com\/index.php\/wp-json\/wp\/v2\/tags?post=19579"}],"curies":[{"name":"wp","href":"https:\/\/api.w.org\/{rel}","templated":true}]}}