{"id":19564,"date":"2025-12-24T12:36:04","date_gmt":"2025-12-24T18:36:04","guid":{"rendered":"https:\/\/alcierrenoticias.com\/?p=19564"},"modified":"2025-12-25T22:38:55","modified_gmt":"2025-12-26T04:38:55","slug":"alma-limas-y-jesus-valenciano-comparten-reflexion-navidena-para-las-familias-de-delicias","status":"publish","type":"post","link":"https:\/\/alcierrenoticias.com\/index.php\/2025\/12\/24\/alma-limas-y-jesus-valenciano-comparten-reflexion-navidena-para-las-familias-de-delicias\/","title":{"rendered":"Alma Limas y Jes\u00fas Valenciano comparten reflexi\u00f3n navide\u00f1a para las familias de Delicias."},"content":{"rendered":"<p>En el marco de las fiestas decembrinas, la presidenta del DIF Municipal, Alma Limas, y el presidente municipal de Delicias, Jes\u00fas Valenciano Garc\u00eda, compartieron una reflexi\u00f3n conjunta dirigida a las familias delicienses, en la que abordaron el significado de la Navidad como un tiempo de unidad, esperanza y fortaleza familiar, tras un a\u00f1o que represent\u00f3 importantes retos para la comunidad.<\/p>\n<p>En ese contexto, Alma Limas destac\u00f3 la fortaleza y el amor que caracterizan a la gente de Delicias, se\u00f1alando que en cada hogar existen historias de esfuerzo que inspiran y sostienen incluso en los momentos m\u00e1s dif\u00edciles. Afirm\u00f3 que es ese amor el que impulsa a seguir trabajando todos los d\u00edas por el bienestar com\u00fan.<\/p>\n<p>Expres\u00f3 que la Navidad es un tiempo para hacer una pausa, mirar hacia el interior de los hogares y valorar lo verdaderamente importante: la familia, la salud y la uni\u00f3n. En ese sentido, dese\u00f3 que estas fechas est\u00e9n llenas de paz, armon\u00eda y cercan\u00eda entre seres queridos, reforzando los lazos que dan sentido a la vida comunitaria.<\/p>\n<p>Por su parte, el presidente municipal Jes\u00fas Valenciano Garc\u00eda reflexion\u00f3 sobre los retos que dej\u00f3 el a\u00f1o que concluye, reconociendo que no fue un periodo sencillo para Delicias ni para la regi\u00f3n. Subray\u00f3 que la defensa del agua y del trabajo de la tierra fue un desaf\u00edo que exigi\u00f3 car\u00e1cter y unidad, al tratarse de temas que van m\u00e1s all\u00e1 de posturas pol\u00edticas y que est\u00e1n directamente ligados a la dignidad y al futuro de las familias.<\/p>\n<p>Valenciano Garc\u00eda destac\u00f3 que, aun en la adversidad, Delicias demostr\u00f3 su capacidad para mantenerse unida, responder con cercan\u00eda a las necesidades de la gente y avanzar en la construcci\u00f3n de una ciudad que cuida a sus familias y a las nuevas generaciones. Afirm\u00f3 que gobernar implica estar donde ocurren las cosas y escuchar de manera directa a la ciudadan\u00eda.<\/p>\n<p>Finalmente, el alcalde hizo un llamado a no perder la fe y a seguir unidos, deseando a todas y todos los delicienses una Nochebuena llena de abrazos sinceros y un A\u00f1o Nuevo con esperanza renovada, reiterando el compromiso del Gobierno Municipal de Delicias de continuar trabajando cerca de la gente y con visi\u00f3n de futuro.<\/p>\n","protected":false},"excerpt":{"rendered":"<p>En el marco de las fiestas decembrinas, la presidenta del DIF Municipal, Alma Limas, y el presidente municipal de Delicias, Jes\u00fas Valenciano Garc\u00eda, compartieron una reflexi\u00f3n conjunta dirigida a las familias delicienses, en la que abordaron el significado de la Navidad como un tiempo de unidad, esperanza y fortaleza familiar, tras un a\u00f1o que represent\u00f3 importantes retos para la comunidad. En ese contexto, Alma Limas destac\u00f3 la fortaleza y el amor que caracterizan a la gente de Delicias, se\u00f1alando que en cada hogar existen historias de esfuerzo que inspiran y sostienen incluso en los momentos m\u00e1s dif\u00edciles. Afirm\u00f3 que es ese amor el que impulsa a seguir trabajando todos los d\u00edas por el bienestar com\u00fan. Expres\u00f3 que la Navidad es un tiempo para hacer una pausa, mirar hacia el interior de los hogares y valorar lo verdaderamente importante: la familia, la salud y la uni\u00f3n. En ese sentido, dese\u00f3 que estas fechas est\u00e9n llenas de paz, armon\u00eda y cercan\u00eda entre seres queridos, reforzando los lazos que dan sentido a la vida comunitaria. Por su parte, el presidente municipal Jes\u00fas Valenciano Garc\u00eda reflexion\u00f3 sobre los retos que dej\u00f3 el a\u00f1o que concluye, reconociendo que no fue un periodo sencillo para Delicias ni para la regi\u00f3n. Subray\u00f3 que la defensa del agua y del trabajo de la tierra fue un desaf\u00edo que exigi\u00f3 car\u00e1cter y unidad, al tratarse de temas que van m\u00e1s all\u00e1 de posturas pol\u00edticas y que est\u00e1n directamente ligados a la dignidad y al futuro de las familias. Valenciano Garc\u00eda destac\u00f3 que, aun en la adversidad, Delicias demostr\u00f3 su capacidad para mantenerse unida, responder con cercan\u00eda a las necesidades de la gente y avanzar en la construcci\u00f3n de una ciudad que cuida a sus familias y a las nuevas generaciones. Afirm\u00f3 que gobernar implica estar donde ocurren las cosas y escuchar de manera directa a la ciudadan\u00eda. Finalmente, el alcalde hizo un llamado a no perder la fe y a seguir unidos, deseando a todas y todos los delicienses una Nochebuena llena de abrazos sinceros y un A\u00f1o Nuevo con esperanza renovada, reiterando el compromiso del Gobierno Municipal de Delicias de continuar trabajando cerca de la gente y con visi\u00f3n de futuro.<\/p>\n","protected":false},"author":2,"featured_media":19565,"comment_status":"open","ping_status":"open","sticky":false,"template":"","format":"standard","meta":{"_monsterinsights_skip_tracking":false,"_monsterinsights_sitenote_active":false,"_monsterinsights_sitenote_note":"","_monsterinsights_sitenote_category":0,"advanced_seo_description":"","jetpack_seo_html_title":"","jetpack_seo_noindex":false,"_jetpack_memberships_contains_paid_content":false,"footnotes":"","jetpack_publicize_message":"","jetpack_publicize_feature_enabled":true,"jetpack_social_post_already_shared":true,"jetpack_social_options":{"image_generator_settings":{"template":"highway","enabled":false},"version":2}},"categories":[135,7,11],"tags":[],"class_list":["post-19564","post","type-post","status-publish","format-standard","has-post-thumbnail","hentry","category-lo-mas-leido","category-local","category-principal"],"jetpack_publicize_connections":[],"jetpack_sharing_enabled":true,"jetpack_featured_media_url":"https:\/\/i0.wp.com\/alcierrenoticias.com\/wp-content\/uploads\/2025\/12\/WhatsApp-Image-2025-12-24-at-11.58.03-AM.jpeg?fit=1600%2C1066&ssl=1","amp_enabled":true,"_links":{"self":[{"href":"https:\/\/alcierrenoticias.com\/index.php\/wp-json\/wp\/v2\/posts\/19564","targetHints":{"allow":["GET"]}}],"collection":[{"href":"https:\/\/alcierrenoticias.com\/index.php\/wp-json\/wp\/v2\/posts"}],"about":[{"href":"https:\/\/alcierrenoticias.com\/index.php\/wp-json\/wp\/v2\/types\/post"}],"author":[{"embeddable":true,"href":"https:\/\/alcierrenoticias.com\/index.php\/wp-json\/wp\/v2\/users\/2"}],"replies":[{"embeddable":true,"href":"https:\/\/alcierrenoticias.com\/index.php\/wp-json\/wp\/v2\/comments?post=19564"}],"version-history":[{"count":1,"href":"https:\/\/alcierrenoticias.com\/index.php\/wp-json\/wp\/v2\/posts\/19564\/revisions"}],"predecessor-version":[{"id":19566,"href":"https:\/\/alcierrenoticias.com\/index.php\/wp-json\/wp\/v2\/posts\/19564\/revisions\/19566"}],"wp:featuredmedia":[{"embeddable":true,"href":"https:\/\/alcierrenoticias.com\/index.php\/wp-json\/wp\/v2\/media\/19565"}],"wp:attachment":[{"href":"https:\/\/alcierrenoticias.com\/index.php\/wp-json\/wp\/v2\/media?parent=19564"}],"wp:term":[{"taxonomy":"category","embeddable":true,"href":"https:\/\/alcierrenoticias.com\/index.php\/wp-json\/wp\/v2\/categories?post=19564"},{"taxonomy":"post_tag","embeddable":true,"href":"https:\/\/alcierrenoticias.com\/index.php\/wp-json\/wp\/v2\/tags?post=19564"}],"curies":[{"name":"wp","href":"https:\/\/api.w.org\/{rel}","templated":true}]}}