{"id":19556,"date":"2025-12-23T19:50:48","date_gmt":"2025-12-24T01:50:48","guid":{"rendered":"https:\/\/alcierrenoticias.com\/?p=19556"},"modified":"2025-12-24T01:42:51","modified_gmt":"2025-12-24T07:42:51","slug":"no-habra-recoleccion-de-basura-el-25-de-diciembre-y-1-de-enero-en-delicias","status":"publish","type":"post","link":"https:\/\/alcierrenoticias.com\/index.php\/2025\/12\/23\/no-habra-recoleccion-de-basura-el-25-de-diciembre-y-1-de-enero-en-delicias\/","title":{"rendered":"No habr\u00e1 recolecci\u00f3n de basura el 25 de diciembre y 1 de enero en Delicias."},"content":{"rendered":"<p>La Direcci\u00f3n de Servicios P\u00fablicos Municipales de Delicias dio a conocer que los d\u00edas 25 de diciembre y 1 de enero no se realizar\u00e1 el servicio de recolecci\u00f3n de basura en el municipio, debido a la suspensi\u00f3n de labores por las festividades de fin de a\u00f1o.<\/p>\n<p>La dependencia se\u00f1al\u00f3 que durante estas fechas los camiones recolectores no recorrer\u00e1n las rutas habituales, por lo que pidi\u00f3 a la poblaci\u00f3n no sacar sus residuos a la v\u00eda p\u00fablica para evitar acumulaciones y problemas de salubridad.<\/p>\n<p>Asimismo, se inform\u00f3 que el servicio se reanudar\u00e1 de manera normal al d\u00eda siguiente de cada fecha, retomando los horarios y recorridos establecidos en todas las colonias de la ciudad.<\/p>\n<p>Finalmente, Servicios P\u00fablicos Municipales invit\u00f3 a la ciudadan\u00eda a tomar precauciones, almacenar adecuadamente sus desechos y colaborar con el cuidado de la imagen urbana, reiterando su agradecimiento por la comprensi\u00f3n y apoyo de la comunidad.<\/p>\n","protected":false},"excerpt":{"rendered":"<p>La Direcci\u00f3n de Servicios P\u00fablicos Municipales de Delicias dio a conocer que los d\u00edas 25 de diciembre y 1 de enero no se realizar\u00e1 el servicio de recolecci\u00f3n de basura en el municipio, debido a la suspensi\u00f3n de labores por las festividades de fin de a\u00f1o. La dependencia se\u00f1al\u00f3 que durante estas fechas los camiones recolectores no recorrer\u00e1n las rutas habituales, por lo que pidi\u00f3 a la poblaci\u00f3n no sacar sus residuos a la v\u00eda p\u00fablica para evitar acumulaciones y problemas de salubridad. Asimismo, se inform\u00f3 que el servicio se reanudar\u00e1 de manera normal al d\u00eda siguiente de cada fecha, retomando los horarios y recorridos establecidos en todas las colonias de la ciudad. Finalmente, Servicios P\u00fablicos Municipales invit\u00f3 a la ciudadan\u00eda a tomar precauciones, almacenar adecuadamente sus desechos y colaborar con el cuidado de la imagen urbana, reiterando su agradecimiento por la comprensi\u00f3n y apoyo de la comunidad.<\/p>\n","protected":false},"author":2,"featured_media":19557,"comment_status":"open","ping_status":"open","sticky":false,"template":"","format":"standard","meta":{"_monsterinsights_skip_tracking":false,"_monsterinsights_sitenote_active":false,"_monsterinsights_sitenote_note":"","_monsterinsights_sitenote_category":0,"advanced_seo_description":"","jetpack_seo_html_title":"","jetpack_seo_noindex":false,"_jetpack_memberships_contains_paid_content":false,"footnotes":"","jetpack_publicize_message":"","jetpack_publicize_feature_enabled":true,"jetpack_social_post_already_shared":true,"jetpack_social_options":{"image_generator_settings":{"template":"highway","enabled":false},"version":2}},"categories":[135,7,11],"tags":[],"class_list":["post-19556","post","type-post","status-publish","format-standard","has-post-thumbnail","hentry","category-lo-mas-leido","category-local","category-principal"],"jetpack_publicize_connections":[],"jetpack_sharing_enabled":true,"jetpack_featured_media_url":"https:\/\/i0.wp.com\/alcierrenoticias.com\/wp-content\/uploads\/2025\/12\/WhatsApp-Image-2025-12-23-at-7.35.44-PM.jpeg?fit=480%2C270&ssl=1","amp_enabled":true,"_links":{"self":[{"href":"https:\/\/alcierrenoticias.com\/index.php\/wp-json\/wp\/v2\/posts\/19556","targetHints":{"allow":["GET"]}}],"collection":[{"href":"https:\/\/alcierrenoticias.com\/index.php\/wp-json\/wp\/v2\/posts"}],"about":[{"href":"https:\/\/alcierrenoticias.com\/index.php\/wp-json\/wp\/v2\/types\/post"}],"author":[{"embeddable":true,"href":"https:\/\/alcierrenoticias.com\/index.php\/wp-json\/wp\/v2\/users\/2"}],"replies":[{"embeddable":true,"href":"https:\/\/alcierrenoticias.com\/index.php\/wp-json\/wp\/v2\/comments?post=19556"}],"version-history":[{"count":2,"href":"https:\/\/alcierrenoticias.com\/index.php\/wp-json\/wp\/v2\/posts\/19556\/revisions"}],"predecessor-version":[{"id":19559,"href":"https:\/\/alcierrenoticias.com\/index.php\/wp-json\/wp\/v2\/posts\/19556\/revisions\/19559"}],"wp:featuredmedia":[{"embeddable":true,"href":"https:\/\/alcierrenoticias.com\/index.php\/wp-json\/wp\/v2\/media\/19557"}],"wp:attachment":[{"href":"https:\/\/alcierrenoticias.com\/index.php\/wp-json\/wp\/v2\/media?parent=19556"}],"wp:term":[{"taxonomy":"category","embeddable":true,"href":"https:\/\/alcierrenoticias.com\/index.php\/wp-json\/wp\/v2\/categories?post=19556"},{"taxonomy":"post_tag","embeddable":true,"href":"https:\/\/alcierrenoticias.com\/index.php\/wp-json\/wp\/v2\/tags?post=19556"}],"curies":[{"name":"wp","href":"https:\/\/api.w.org\/{rel}","templated":true}]}}