{"id":19532,"date":"2025-12-22T14:45:52","date_gmt":"2025-12-22T20:45:52","guid":{"rendered":"https:\/\/alcierrenoticias.com\/?p=19532"},"modified":"2025-12-24T01:28:28","modified_gmt":"2025-12-24T07:28:28","slug":"inician-en-meoqui-trabajos-de-pavimentacion-de-3-calles-de-potrero-del-llano-por-1-2-mdp","status":"publish","type":"post","link":"https:\/\/alcierrenoticias.com\/index.php\/2025\/12\/22\/inician-en-meoqui-trabajos-de-pavimentacion-de-3-calles-de-potrero-del-llano-por-1-2-mdp\/","title":{"rendered":"Inician en Meoqui trabajos de pavimentaci\u00f3n de 3 calles de Potrero del Llano por 1.2 MDP."},"content":{"rendered":"<p>Suman esfuerzos Comit\u00e9 Pro Obras y Gobierno Municipal, cumpliendo el objetivo de la alcaldesa Miriam Soto de que cada comunidad tenga al menos una calle pavimentada<\/p>\n<p>En la comunidad de Potrero del Llano en el municipio de Meoqui, se comenzaron los trabajos de pavimentaci\u00f3n en las calles Iglesias y laterales de la plaza principal, misma que se realiza mediante un trabajo conjunto entre el Comit\u00e9 Pro Obras y recursos municipales, con una inversi\u00f3n superior a 1.2 millones de pesos y una superficie superior a los 2 mil metros cuadrados, esto como parte del compromiso de la alcaldesa Miriam Soto de que cada comunidad rural tenga al menos una calle pavimentada.<\/p>\n<p>Ulises Escobar, director de Obras P\u00fablicas Municipales, destac\u00f3 que se trata de una obra consensuada con los vecinos de la comunidad, quienes, a trav\u00e9s del Comit\u00e9 Pro Obras, identificaron la necesidad prioritaria y eligieron la vialidad a intervenir, permitiendo as\u00ed una planeaci\u00f3n cercana y participativa.<\/p>\n<p>Asimismo, se\u00f1al\u00f3 que esta pavimentaci\u00f3n forma parte de los compromisos realizados por la alcaldesa Miriam Soto, quien ha impulsado de manera puntual el desarrollo de infraestructura en cada una de las localidades del municipio, garantizando que la obra p\u00fablica llegue a todos los rincones de Meoqui.<\/p>\n<p>Finalmente, el director de Obras P\u00fablicas inform\u00f3 que se estima que los trabajos concluyan a mediados del mes de enero de 2026, sum\u00e1ndose esta acci\u00f3n al fortalecimiento de la infraestructura urbana y a la mejora de la calidad de vida de las familias de Potrero del Llano<\/p>\n","protected":false},"excerpt":{"rendered":"<p>Suman esfuerzos Comit\u00e9 Pro Obras y Gobierno Municipal, cumpliendo el objetivo de la alcaldesa Miriam Soto de que cada comunidad tenga al menos una calle pavimentada En la comunidad de Potrero del Llano en el municipio de Meoqui, se comenzaron los trabajos de pavimentaci\u00f3n en las calles Iglesias y laterales de la plaza principal, misma que se realiza mediante un trabajo conjunto entre el Comit\u00e9 Pro Obras y recursos municipales, con una inversi\u00f3n superior a 1.2 millones de pesos y una superficie superior a los 2 mil metros cuadrados, esto como parte del compromiso de la alcaldesa Miriam Soto de que cada comunidad rural tenga al menos una calle pavimentada. Ulises Escobar, director de Obras P\u00fablicas Municipales, destac\u00f3 que se trata de una obra consensuada con los vecinos de la comunidad, quienes, a trav\u00e9s del Comit\u00e9 Pro Obras, identificaron la necesidad prioritaria y eligieron la vialidad a intervenir, permitiendo as\u00ed una planeaci\u00f3n cercana y participativa. Asimismo, se\u00f1al\u00f3 que esta pavimentaci\u00f3n forma parte de los compromisos realizados por la alcaldesa Miriam Soto, quien ha impulsado de manera puntual el desarrollo de infraestructura en cada una de las localidades del municipio, garantizando que la obra p\u00fablica llegue a todos los rincones de Meoqui. Finalmente, el director de Obras P\u00fablicas inform\u00f3 que se estima que los trabajos concluyan a mediados del mes de enero de 2026, sum\u00e1ndose esta acci\u00f3n al fortalecimiento de la infraestructura urbana y a la mejora de la calidad de vida de las familias de Potrero del Llano<\/p>\n","protected":false},"author":2,"featured_media":19533,"comment_status":"open","ping_status":"open","sticky":false,"template":"","format":"standard","meta":{"_monsterinsights_skip_tracking":false,"_monsterinsights_sitenote_active":false,"_monsterinsights_sitenote_note":"","_monsterinsights_sitenote_category":0,"advanced_seo_description":"","jetpack_seo_html_title":"","jetpack_seo_noindex":false,"_jetpack_memberships_contains_paid_content":false,"footnotes":"","jetpack_publicize_message":"","jetpack_publicize_feature_enabled":true,"jetpack_social_post_already_shared":true,"jetpack_social_options":{"image_generator_settings":{"template":"highway","enabled":false},"version":2}},"categories":[135,7,11],"tags":[],"class_list":["post-19532","post","type-post","status-publish","format-standard","has-post-thumbnail","hentry","category-lo-mas-leido","category-local","category-principal"],"jetpack_publicize_connections":[],"jetpack_sharing_enabled":true,"jetpack_featured_media_url":"https:\/\/i0.wp.com\/alcierrenoticias.com\/wp-content\/uploads\/2025\/12\/WhatsApp-Image-2025-12-22-at-2.40.37-PM.jpeg?fit=1280%2C959&ssl=1","amp_enabled":true,"_links":{"self":[{"href":"https:\/\/alcierrenoticias.com\/index.php\/wp-json\/wp\/v2\/posts\/19532","targetHints":{"allow":["GET"]}}],"collection":[{"href":"https:\/\/alcierrenoticias.com\/index.php\/wp-json\/wp\/v2\/posts"}],"about":[{"href":"https:\/\/alcierrenoticias.com\/index.php\/wp-json\/wp\/v2\/types\/post"}],"author":[{"embeddable":true,"href":"https:\/\/alcierrenoticias.com\/index.php\/wp-json\/wp\/v2\/users\/2"}],"replies":[{"embeddable":true,"href":"https:\/\/alcierrenoticias.com\/index.php\/wp-json\/wp\/v2\/comments?post=19532"}],"version-history":[{"count":2,"href":"https:\/\/alcierrenoticias.com\/index.php\/wp-json\/wp\/v2\/posts\/19532\/revisions"}],"predecessor-version":[{"id":19535,"href":"https:\/\/alcierrenoticias.com\/index.php\/wp-json\/wp\/v2\/posts\/19532\/revisions\/19535"}],"wp:featuredmedia":[{"embeddable":true,"href":"https:\/\/alcierrenoticias.com\/index.php\/wp-json\/wp\/v2\/media\/19533"}],"wp:attachment":[{"href":"https:\/\/alcierrenoticias.com\/index.php\/wp-json\/wp\/v2\/media?parent=19532"}],"wp:term":[{"taxonomy":"category","embeddable":true,"href":"https:\/\/alcierrenoticias.com\/index.php\/wp-json\/wp\/v2\/categories?post=19532"},{"taxonomy":"post_tag","embeddable":true,"href":"https:\/\/alcierrenoticias.com\/index.php\/wp-json\/wp\/v2\/tags?post=19532"}],"curies":[{"name":"wp","href":"https:\/\/api.w.org\/{rel}","templated":true}]}}