{"id":19492,"date":"2025-12-19T09:05:14","date_gmt":"2025-12-19T15:05:14","guid":{"rendered":"https:\/\/alcierrenoticias.com\/?p=19492"},"modified":"2025-12-19T20:48:57","modified_gmt":"2025-12-20T02:48:57","slug":"presentan-trabajos-artisticos-en-el-festival-de-invierno-2025-de-casa-de-cultura-en-delicias","status":"publish","type":"post","link":"https:\/\/alcierrenoticias.com\/index.php\/2025\/12\/19\/presentan-trabajos-artisticos-en-el-festival-de-invierno-2025-de-casa-de-cultura-en-delicias\/","title":{"rendered":"Presentan trabajos art\u00edsticos en el Festival de Invierno 2025 de Casa de Cultura en Delicias."},"content":{"rendered":"<p>Con una destacada respuesta del p\u00fablico, la Casa de Cultura llev\u00f3 a cabo el Festival de Invierno 2025 titulado \u201c Un diciembre, para recordar\u201d, evento que se desarroll\u00f3 en el Teatro de la Ciudad y que reuni\u00f3 el trabajo art\u00edstico realizado por alumnos de todas las edades a lo largo del a\u00f1o, inform\u00f3 Mario P\u00e9rez, jefe de Casa de Cultura.<\/p>\n<p>El funcionario destac\u00f3 que en este festival participaron ni\u00f1os, j\u00f3venes y adultos, quienes presentaron los resultados de los distintos talleres desarrollados durante el 2025, adem\u00e1s de mostrar la creaci\u00f3n de nuevos espacios formativos. Entre los talleres de reciente incorporaci\u00f3n se encuentran el de acrobacia y el de papel mach\u00e9, ambos con una respuesta muy positiva por parte del p\u00fablico asistente.<\/p>\n<p>Las actividades se distribuyeron en distintos espacios del Teatro de la Ciudad, donde en la Sala de Artes Pl\u00e1sticas se presentaron exposiciones de papel mach\u00e9, tallado en madera, pintura art\u00edstica para adultos y pintura infantil, permitiendo a las familias apreciar el talento y creatividad de los participantes.<\/p>\n<p>En el escenario principal se realizaron presentaciones de acrobacia, jazz y teatro, lo que complement\u00f3 una jornada cultural diversa y din\u00e1mica. Mario P\u00e9rez se\u00f1al\u00f3 que el recinto registr\u00f3 una gran asistencia, reflejo del inter\u00e9s de la comunidad por las expresiones art\u00edsticas y culturales promovidas por la Casa de Cultura.<\/p>\n<p>Finalmente, subray\u00f3 que estas acciones forman parte de la encomienda del alcalde, ingeniero Jes\u00fas Valenciano, de atender de manera prioritaria las necesidades culturales de la regi\u00f3n. Asimismo, invit\u00f3 a la ciudadan\u00eda interesada en integrarse a los talleres de Casa de Cultura a acudir a partir de la segunda semana de enero, destacando la satisfacci\u00f3n de alumnos, maestros, padres de familia y p\u00fablico en general por los resultados del festival.<\/p>\n","protected":false},"excerpt":{"rendered":"<p>Con una destacada respuesta del p\u00fablico, la Casa de Cultura llev\u00f3 a cabo el Festival de Invierno 2025 titulado \u201c Un diciembre, para recordar\u201d, evento que se desarroll\u00f3 en el Teatro de la Ciudad y que reuni\u00f3 el trabajo art\u00edstico realizado por alumnos de todas las edades a lo largo del a\u00f1o, inform\u00f3 Mario P\u00e9rez, jefe de Casa de Cultura. El funcionario destac\u00f3 que en este festival participaron ni\u00f1os, j\u00f3venes y adultos, quienes presentaron los resultados de los distintos talleres desarrollados durante el 2025, adem\u00e1s de mostrar la creaci\u00f3n de nuevos espacios formativos. Entre los talleres de reciente incorporaci\u00f3n se encuentran el de acrobacia y el de papel mach\u00e9, ambos con una respuesta muy positiva por parte del p\u00fablico asistente. Las actividades se distribuyeron en distintos espacios del Teatro de la Ciudad, donde en la Sala de Artes Pl\u00e1sticas se presentaron exposiciones de papel mach\u00e9, tallado en madera, pintura art\u00edstica para adultos y pintura infantil, permitiendo a las familias apreciar el talento y creatividad de los participantes. En el escenario principal se realizaron presentaciones de acrobacia, jazz y teatro, lo que complement\u00f3 una jornada cultural diversa y din\u00e1mica. Mario P\u00e9rez se\u00f1al\u00f3 que el recinto registr\u00f3 una gran asistencia, reflejo del inter\u00e9s de la comunidad por las expresiones art\u00edsticas y culturales promovidas por la Casa de Cultura. Finalmente, subray\u00f3 que estas acciones forman parte de la encomienda del alcalde, ingeniero Jes\u00fas Valenciano, de atender de manera prioritaria las necesidades culturales de la regi\u00f3n. Asimismo, invit\u00f3 a la ciudadan\u00eda interesada en integrarse a los talleres de Casa de Cultura a acudir a partir de la segunda semana de enero, destacando la satisfacci\u00f3n de alumnos, maestros, padres de familia y p\u00fablico en general por los resultados del festival.<\/p>\n","protected":false},"author":2,"featured_media":19493,"comment_status":"open","ping_status":"open","sticky":false,"template":"","format":"standard","meta":{"_monsterinsights_skip_tracking":false,"_monsterinsights_sitenote_active":false,"_monsterinsights_sitenote_note":"","_monsterinsights_sitenote_category":0,"advanced_seo_description":"","jetpack_seo_html_title":"","jetpack_seo_noindex":false,"_jetpack_memberships_contains_paid_content":false,"footnotes":"","jetpack_publicize_message":"","jetpack_publicize_feature_enabled":true,"jetpack_social_post_already_shared":true,"jetpack_social_options":{"image_generator_settings":{"template":"highway","enabled":false},"version":2}},"categories":[135,7,11],"tags":[],"class_list":["post-19492","post","type-post","status-publish","format-standard","has-post-thumbnail","hentry","category-lo-mas-leido","category-local","category-principal"],"jetpack_publicize_connections":[],"jetpack_sharing_enabled":true,"jetpack_featured_media_url":"https:\/\/i0.wp.com\/alcierrenoticias.com\/wp-content\/uploads\/2025\/12\/WhatsApp-Image-2025-12-19-at-8.52.59-AM.jpeg?fit=2560%2C1920&ssl=1","amp_enabled":true,"_links":{"self":[{"href":"https:\/\/alcierrenoticias.com\/index.php\/wp-json\/wp\/v2\/posts\/19492","targetHints":{"allow":["GET"]}}],"collection":[{"href":"https:\/\/alcierrenoticias.com\/index.php\/wp-json\/wp\/v2\/posts"}],"about":[{"href":"https:\/\/alcierrenoticias.com\/index.php\/wp-json\/wp\/v2\/types\/post"}],"author":[{"embeddable":true,"href":"https:\/\/alcierrenoticias.com\/index.php\/wp-json\/wp\/v2\/users\/2"}],"replies":[{"embeddable":true,"href":"https:\/\/alcierrenoticias.com\/index.php\/wp-json\/wp\/v2\/comments?post=19492"}],"version-history":[{"count":2,"href":"https:\/\/alcierrenoticias.com\/index.php\/wp-json\/wp\/v2\/posts\/19492\/revisions"}],"predecessor-version":[{"id":19495,"href":"https:\/\/alcierrenoticias.com\/index.php\/wp-json\/wp\/v2\/posts\/19492\/revisions\/19495"}],"wp:featuredmedia":[{"embeddable":true,"href":"https:\/\/alcierrenoticias.com\/index.php\/wp-json\/wp\/v2\/media\/19493"}],"wp:attachment":[{"href":"https:\/\/alcierrenoticias.com\/index.php\/wp-json\/wp\/v2\/media?parent=19492"}],"wp:term":[{"taxonomy":"category","embeddable":true,"href":"https:\/\/alcierrenoticias.com\/index.php\/wp-json\/wp\/v2\/categories?post=19492"},{"taxonomy":"post_tag","embeddable":true,"href":"https:\/\/alcierrenoticias.com\/index.php\/wp-json\/wp\/v2\/tags?post=19492"}],"curies":[{"name":"wp","href":"https:\/\/api.w.org\/{rel}","templated":true}]}}