{"id":19474,"date":"2025-12-17T22:17:55","date_gmt":"2025-12-18T04:17:55","guid":{"rendered":"https:\/\/alcierrenoticias.com\/?p=19474"},"modified":"2025-12-19T20:23:13","modified_gmt":"2025-12-20T02:23:13","slug":"concluye-aplicacion-de-pintura-de-trafico-en-vialidades-recien-pavimentadas-en-delicias","status":"publish","type":"post","link":"https:\/\/alcierrenoticias.com\/index.php\/2025\/12\/17\/concluye-aplicacion-de-pintura-de-trafico-en-vialidades-recien-pavimentadas-en-delicias\/","title":{"rendered":"Concluye aplicaci\u00f3n de pintura de tr\u00e1fico en vialidades reci\u00e9n pavimentadas en Delicias."},"content":{"rendered":"<p>La Direcci\u00f3n de Obras P\u00fablicas concluy\u00f3 la aplicaci\u00f3n de pintura de tr\u00e1fico en las laterales de la Plaza de la Rep\u00fablica, como parte de los trabajos de rehabilitaci\u00f3n integral de esta importante vialidad del centro de la ciudad.<\/p>\n<p>De acuerdo con Alfonso Rodr\u00edguez, director de Obras P\u00fablicas, estas acciones corresponden a la \u00faltima etapa del proceso constructivo, el cual incluye fresado, aplicaci\u00f3n de carpeta asf\u00e1ltica, renivelaci\u00f3n de cajas de v\u00e1lvulas y alcantarillas, y finalmente la se\u00f1alizaci\u00f3n horizontal para dejar la vialidad completamente funcional.<\/p>\n<p>Una vez finalizados los trabajos en la Plaza de la Rep\u00fablica, las cuadrillas se trasladaron a la avenida Quinta Oriente Norte, a un costado del Teatro de la Ciudad, donde se realizar\u00e1 la aplicaci\u00f3n de pintura de tr\u00e1fico en carriles centrales, \u00e1reas de estacionamiento, as\u00ed como en guarniciones y banquetas.<\/p>\n<p>Se\u00f1al\u00f3 que estas labores forman parte del programa de rehabilitaci\u00f3n de carpetas asf\u00e1lticas y vialidades impulsado por la administraci\u00f3n municipal, con el objetivo de mejorar la movilidad y seguridad vial en el primer cuadro de la ciudad.<\/p>\n<p>Finalmente, el funcionario destac\u00f3 que el cierre de a\u00f1o se da con una intensa carga de trabajo, ya que de manera paralela contin\u00faan los trabajos en la calle Cuarta Sur Oriente, donde actualmente se desarrolla el segundo tramo de rehabilitaci\u00f3n con labores de fresado y colocaci\u00f3n de nueva carpeta asf\u00e1ltica.<\/p>\n","protected":false},"excerpt":{"rendered":"<p>La Direcci\u00f3n de Obras P\u00fablicas concluy\u00f3 la aplicaci\u00f3n de pintura de tr\u00e1fico en las laterales de la Plaza de la Rep\u00fablica, como parte de los trabajos de rehabilitaci\u00f3n integral de esta importante vialidad del centro de la ciudad. De acuerdo con Alfonso Rodr\u00edguez, director de Obras P\u00fablicas, estas acciones corresponden a la \u00faltima etapa del proceso constructivo, el cual incluye fresado, aplicaci\u00f3n de carpeta asf\u00e1ltica, renivelaci\u00f3n de cajas de v\u00e1lvulas y alcantarillas, y finalmente la se\u00f1alizaci\u00f3n horizontal para dejar la vialidad completamente funcional. Una vez finalizados los trabajos en la Plaza de la Rep\u00fablica, las cuadrillas se trasladaron a la avenida Quinta Oriente Norte, a un costado del Teatro de la Ciudad, donde se realizar\u00e1 la aplicaci\u00f3n de pintura de tr\u00e1fico en carriles centrales, \u00e1reas de estacionamiento, as\u00ed como en guarniciones y banquetas. Se\u00f1al\u00f3 que estas labores forman parte del programa de rehabilitaci\u00f3n de carpetas asf\u00e1lticas y vialidades impulsado por la administraci\u00f3n municipal, con el objetivo de mejorar la movilidad y seguridad vial en el primer cuadro de la ciudad. Finalmente, el funcionario destac\u00f3 que el cierre de a\u00f1o se da con una intensa carga de trabajo, ya que de manera paralela contin\u00faan los trabajos en la calle Cuarta Sur Oriente, donde actualmente se desarrolla el segundo tramo de rehabilitaci\u00f3n con labores de fresado y colocaci\u00f3n de nueva carpeta asf\u00e1ltica.<\/p>\n","protected":false},"author":2,"featured_media":19475,"comment_status":"open","ping_status":"open","sticky":false,"template":"","format":"standard","meta":{"_monsterinsights_skip_tracking":false,"_monsterinsights_sitenote_active":false,"_monsterinsights_sitenote_note":"","_monsterinsights_sitenote_category":0,"advanced_seo_description":"","jetpack_seo_html_title":"","jetpack_seo_noindex":false,"_jetpack_memberships_contains_paid_content":false,"footnotes":"","jetpack_publicize_message":"","jetpack_publicize_feature_enabled":true,"jetpack_social_post_already_shared":true,"jetpack_social_options":{"image_generator_settings":{"template":"highway","enabled":false},"version":2}},"categories":[135,7,11],"tags":[],"class_list":["post-19474","post","type-post","status-publish","format-standard","has-post-thumbnail","hentry","category-lo-mas-leido","category-local","category-principal"],"jetpack_publicize_connections":[],"jetpack_sharing_enabled":true,"jetpack_featured_media_url":"https:\/\/i0.wp.com\/alcierrenoticias.com\/wp-content\/uploads\/2025\/12\/WhatsApp-Image-2025-12-17-at-11.54.11-PM.jpeg?fit=1280%2C854&ssl=1","amp_enabled":true,"_links":{"self":[{"href":"https:\/\/alcierrenoticias.com\/index.php\/wp-json\/wp\/v2\/posts\/19474","targetHints":{"allow":["GET"]}}],"collection":[{"href":"https:\/\/alcierrenoticias.com\/index.php\/wp-json\/wp\/v2\/posts"}],"about":[{"href":"https:\/\/alcierrenoticias.com\/index.php\/wp-json\/wp\/v2\/types\/post"}],"author":[{"embeddable":true,"href":"https:\/\/alcierrenoticias.com\/index.php\/wp-json\/wp\/v2\/users\/2"}],"replies":[{"embeddable":true,"href":"https:\/\/alcierrenoticias.com\/index.php\/wp-json\/wp\/v2\/comments?post=19474"}],"version-history":[{"count":2,"href":"https:\/\/alcierrenoticias.com\/index.php\/wp-json\/wp\/v2\/posts\/19474\/revisions"}],"predecessor-version":[{"id":19477,"href":"https:\/\/alcierrenoticias.com\/index.php\/wp-json\/wp\/v2\/posts\/19474\/revisions\/19477"}],"wp:featuredmedia":[{"embeddable":true,"href":"https:\/\/alcierrenoticias.com\/index.php\/wp-json\/wp\/v2\/media\/19475"}],"wp:attachment":[{"href":"https:\/\/alcierrenoticias.com\/index.php\/wp-json\/wp\/v2\/media?parent=19474"}],"wp:term":[{"taxonomy":"category","embeddable":true,"href":"https:\/\/alcierrenoticias.com\/index.php\/wp-json\/wp\/v2\/categories?post=19474"},{"taxonomy":"post_tag","embeddable":true,"href":"https:\/\/alcierrenoticias.com\/index.php\/wp-json\/wp\/v2\/tags?post=19474"}],"curies":[{"name":"wp","href":"https:\/\/api.w.org\/{rel}","templated":true}]}}