{"id":19457,"date":"2025-12-17T15:11:05","date_gmt":"2025-12-17T21:11:05","guid":{"rendered":"https:\/\/alcierrenoticias.com\/?p=19457"},"modified":"2025-12-17T22:15:36","modified_gmt":"2025-12-18T04:15:36","slug":"este-viernes-19-de-diciembre-realizara-gobierno-municipal-mega-posada-juntos-en-navidad-en-la-plaza-del-estudiante-de-la-colonia-abraham-gonzalez","status":"publish","type":"post","link":"https:\/\/alcierrenoticias.com\/index.php\/2025\/12\/17\/este-viernes-19-de-diciembre-realizara-gobierno-municipal-mega-posada-juntos-en-navidad-en-la-plaza-del-estudiante-de-la-colonia-abraham-gonzalez\/","title":{"rendered":"Este viernes 19 de diciembre realizar\u00e1 Gobierno Municipal Mega Posada \u201cJuntos en Navidad\u201d en la Plaza del Estudiante de la colonia Abraham Gonz\u00e1lez."},"content":{"rendered":"<p>El Gobierno Municipal de Camargo, en coordinaci\u00f3n con el DIF Municipal y el programa Juntos Seguimos Sumando, invita a las familias camarguenses a disfrutar de la Mega Posada \u201cJuntos en Navidad\u201d, un evento preparado para celebrar estas fechas con alegr\u00eda y convivencia.<\/p>\n<p>La posada se llevar\u00e1 a cabo el viernes 19 de diciembre, a partir de las 5:00 de la tarde, en la Plaza del Estudiante, ubicada en la colonia Abraham Gonz\u00e1lez.<\/p>\n<p>Durante el evento, las y los asistentes podr\u00e1n disfrutar de rifa de regalos, show musical y muchas sorpresas, en un ambiente totalmente familiar.<\/p>\n<p>Las autoridades municipales reiteraron la invitaci\u00f3n a asistir y formar parte de esta celebraci\u00f3n, que busca compartir el esp\u00edritu navide\u00f1o y generar espacios de convivencia para las familias de Camargo.<\/p>\n","protected":false},"excerpt":{"rendered":"<p>El Gobierno Municipal de Camargo, en coordinaci\u00f3n con el DIF Municipal y el programa Juntos Seguimos Sumando, invita a las familias camarguenses a disfrutar de la Mega Posada \u201cJuntos en Navidad\u201d, un evento preparado para celebrar estas fechas con alegr\u00eda y convivencia. La posada se llevar\u00e1 a cabo el viernes 19 de diciembre, a partir de las 5:00 de la tarde, en la Plaza del Estudiante, ubicada en la colonia Abraham Gonz\u00e1lez. Durante el evento, las y los asistentes podr\u00e1n disfrutar de rifa de regalos, show musical y muchas sorpresas, en un ambiente totalmente familiar. Las autoridades municipales reiteraron la invitaci\u00f3n a asistir y formar parte de esta celebraci\u00f3n, que busca compartir el esp\u00edritu navide\u00f1o y generar espacios de convivencia para las familias de Camargo.<\/p>\n","protected":false},"author":2,"featured_media":19458,"comment_status":"open","ping_status":"open","sticky":false,"template":"","format":"standard","meta":{"_monsterinsights_skip_tracking":false,"_monsterinsights_sitenote_active":false,"_monsterinsights_sitenote_note":"","_monsterinsights_sitenote_category":0,"advanced_seo_description":"","jetpack_seo_html_title":"","jetpack_seo_noindex":false,"_jetpack_memberships_contains_paid_content":false,"footnotes":"","jetpack_publicize_message":"","jetpack_publicize_feature_enabled":true,"jetpack_social_post_already_shared":true,"jetpack_social_options":{"image_generator_settings":{"template":"highway","enabled":false},"version":2}},"categories":[8,135,11],"tags":[],"class_list":["post-19457","post","type-post","status-publish","format-standard","has-post-thumbnail","hentry","category-estado","category-lo-mas-leido","category-principal"],"jetpack_publicize_connections":[],"jetpack_sharing_enabled":true,"jetpack_featured_media_url":"https:\/\/i0.wp.com\/alcierrenoticias.com\/wp-content\/uploads\/2025\/12\/WhatsApp-Image-2025-12-17-at-2.45.11-PM.jpeg?fit=1080%2C720&ssl=1","amp_enabled":true,"_links":{"self":[{"href":"https:\/\/alcierrenoticias.com\/index.php\/wp-json\/wp\/v2\/posts\/19457","targetHints":{"allow":["GET"]}}],"collection":[{"href":"https:\/\/alcierrenoticias.com\/index.php\/wp-json\/wp\/v2\/posts"}],"about":[{"href":"https:\/\/alcierrenoticias.com\/index.php\/wp-json\/wp\/v2\/types\/post"}],"author":[{"embeddable":true,"href":"https:\/\/alcierrenoticias.com\/index.php\/wp-json\/wp\/v2\/users\/2"}],"replies":[{"embeddable":true,"href":"https:\/\/alcierrenoticias.com\/index.php\/wp-json\/wp\/v2\/comments?post=19457"}],"version-history":[{"count":2,"href":"https:\/\/alcierrenoticias.com\/index.php\/wp-json\/wp\/v2\/posts\/19457\/revisions"}],"predecessor-version":[{"id":19460,"href":"https:\/\/alcierrenoticias.com\/index.php\/wp-json\/wp\/v2\/posts\/19457\/revisions\/19460"}],"wp:featuredmedia":[{"embeddable":true,"href":"https:\/\/alcierrenoticias.com\/index.php\/wp-json\/wp\/v2\/media\/19458"}],"wp:attachment":[{"href":"https:\/\/alcierrenoticias.com\/index.php\/wp-json\/wp\/v2\/media?parent=19457"}],"wp:term":[{"taxonomy":"category","embeddable":true,"href":"https:\/\/alcierrenoticias.com\/index.php\/wp-json\/wp\/v2\/categories?post=19457"},{"taxonomy":"post_tag","embeddable":true,"href":"https:\/\/alcierrenoticias.com\/index.php\/wp-json\/wp\/v2\/tags?post=19457"}],"curies":[{"name":"wp","href":"https:\/\/api.w.org\/{rel}","templated":true}]}}