{"id":19449,"date":"2025-12-17T10:50:27","date_gmt":"2025-12-17T16:50:27","guid":{"rendered":"https:\/\/alcierrenoticias.com\/?p=19449"},"modified":"2025-12-17T13:51:59","modified_gmt":"2025-12-17T19:51:59","slug":"anuncian-nueva-fecha-del-rodeo-y-barrileada-navidena-en-delicias","status":"publish","type":"post","link":"https:\/\/alcierrenoticias.com\/index.php\/2025\/12\/17\/anuncian-nueva-fecha-del-rodeo-y-barrileada-navidena-en-delicias\/","title":{"rendered":"Anuncian nueva fecha del Rodeo y Barrileada Navide\u00f1a en Delicias."},"content":{"rendered":"<p>El Gobierno Municipal de Delicias, en coordinaci\u00f3n con el DIF Municipal, dio a conocer la realizaci\u00f3n del Rodeo y Barrileada Navide\u00f1a, un evento que busca promover la convivencia familiar y fortalecer las acciones de apoyo social durante la temporada decembrina.<\/p>\n<p>La actividad se llevar\u00e1 a cabo este s\u00e1bado 20 de diciembre, a las 3:00 de la tarde, en la Arena La Catrina, ubicada en la colonia Altavista, destacando esta nueva fecha para que las familias de Delicias puedan organizar su asistencia.<\/p>\n<p>El Rodeo y Barrileada Navide\u00f1a se efectuar\u00e1 a beneficio del DIF Delicias, por lo que la entrada ser\u00e1 un paquete de pa\u00f1ales por familia, contribuyendo as\u00ed a reforzar los programas de apoyo a quienes m\u00e1s lo necesitan.<\/p>\n<p>La invitaci\u00f3n est\u00e1 abierta a toda la ciudadan\u00eda para que asista en familia y disfrute de un espect\u00e1culo lleno de tradici\u00f3n y emoci\u00f3n, dise\u00f1ado para chicos y grandes en un ambiente festivo y navide\u00f1o.<\/p>\n","protected":false},"excerpt":{"rendered":"<p>El Gobierno Municipal de Delicias, en coordinaci\u00f3n con el DIF Municipal, dio a conocer la realizaci\u00f3n del Rodeo y Barrileada Navide\u00f1a, un evento que busca promover la convivencia familiar y fortalecer las acciones de apoyo social durante la temporada decembrina. La actividad se llevar\u00e1 a cabo este s\u00e1bado 20 de diciembre, a las 3:00 de la tarde, en la Arena La Catrina, ubicada en la colonia Altavista, destacando esta nueva fecha para que las familias de Delicias puedan organizar su asistencia. El Rodeo y Barrileada Navide\u00f1a se efectuar\u00e1 a beneficio del DIF Delicias, por lo que la entrada ser\u00e1 un paquete de pa\u00f1ales por familia, contribuyendo as\u00ed a reforzar los programas de apoyo a quienes m\u00e1s lo necesitan. La invitaci\u00f3n est\u00e1 abierta a toda la ciudadan\u00eda para que asista en familia y disfrute de un espect\u00e1culo lleno de tradici\u00f3n y emoci\u00f3n, dise\u00f1ado para chicos y grandes en un ambiente festivo y navide\u00f1o.<\/p>\n","protected":false},"author":2,"featured_media":19450,"comment_status":"open","ping_status":"open","sticky":false,"template":"","format":"standard","meta":{"_monsterinsights_skip_tracking":false,"_monsterinsights_sitenote_active":false,"_monsterinsights_sitenote_note":"","_monsterinsights_sitenote_category":0,"advanced_seo_description":"","jetpack_seo_html_title":"","jetpack_seo_noindex":false,"_jetpack_memberships_contains_paid_content":false,"footnotes":"","jetpack_publicize_message":"","jetpack_publicize_feature_enabled":true,"jetpack_social_post_already_shared":true,"jetpack_social_options":{"image_generator_settings":{"template":"highway","enabled":false},"version":2}},"categories":[135,7,11],"tags":[],"class_list":["post-19449","post","type-post","status-publish","format-standard","has-post-thumbnail","hentry","category-lo-mas-leido","category-local","category-principal"],"jetpack_publicize_connections":[],"jetpack_sharing_enabled":true,"jetpack_featured_media_url":"https:\/\/i0.wp.com\/alcierrenoticias.com\/wp-content\/uploads\/2025\/12\/WhatsApp-Image-2025-12-17-at-8.53.05-AM-e1766001114570.jpeg?fit=800%2C594&ssl=1","amp_enabled":true,"_links":{"self":[{"href":"https:\/\/alcierrenoticias.com\/index.php\/wp-json\/wp\/v2\/posts\/19449","targetHints":{"allow":["GET"]}}],"collection":[{"href":"https:\/\/alcierrenoticias.com\/index.php\/wp-json\/wp\/v2\/posts"}],"about":[{"href":"https:\/\/alcierrenoticias.com\/index.php\/wp-json\/wp\/v2\/types\/post"}],"author":[{"embeddable":true,"href":"https:\/\/alcierrenoticias.com\/index.php\/wp-json\/wp\/v2\/users\/2"}],"replies":[{"embeddable":true,"href":"https:\/\/alcierrenoticias.com\/index.php\/wp-json\/wp\/v2\/comments?post=19449"}],"version-history":[{"count":1,"href":"https:\/\/alcierrenoticias.com\/index.php\/wp-json\/wp\/v2\/posts\/19449\/revisions"}],"predecessor-version":[{"id":19451,"href":"https:\/\/alcierrenoticias.com\/index.php\/wp-json\/wp\/v2\/posts\/19449\/revisions\/19451"}],"wp:featuredmedia":[{"embeddable":true,"href":"https:\/\/alcierrenoticias.com\/index.php\/wp-json\/wp\/v2\/media\/19450"}],"wp:attachment":[{"href":"https:\/\/alcierrenoticias.com\/index.php\/wp-json\/wp\/v2\/media?parent=19449"}],"wp:term":[{"taxonomy":"category","embeddable":true,"href":"https:\/\/alcierrenoticias.com\/index.php\/wp-json\/wp\/v2\/categories?post=19449"},{"taxonomy":"post_tag","embeddable":true,"href":"https:\/\/alcierrenoticias.com\/index.php\/wp-json\/wp\/v2\/tags?post=19449"}],"curies":[{"name":"wp","href":"https:\/\/api.w.org\/{rel}","templated":true}]}}