{"id":19439,"date":"2025-12-16T15:24:20","date_gmt":"2025-12-16T21:24:20","guid":{"rendered":"https:\/\/alcierrenoticias.com\/?p=19439"},"modified":"2025-12-17T13:47:00","modified_gmt":"2025-12-17T19:47:00","slug":"invitan-en-meoqui-a-la-gran-venta-navidena-este-sabado-a-partir-de-las-11-am","status":"publish","type":"post","link":"https:\/\/alcierrenoticias.com\/index.php\/2025\/12\/16\/invitan-en-meoqui-a-la-gran-venta-navidena-este-sabado-a-partir-de-las-11-am\/","title":{"rendered":"Invitan en Meoqui a la Gran Venta Navide\u00f1a este s\u00e1bado a partir de las 11 am."},"content":{"rendered":"<p>Invitan Comerciantes Unidos de las calles Ocampo y Ni\u00f1os H\u00e9roes, en coordinaci\u00f3n con el Gobierno Municipal a toda la regi\u00f3n a sumarse a la primera edici\u00f3n de esta gran venta<\/p>\n<p>Por primera vez en Meoqui, se llevar\u00e1 a cabo la Gran Venta Navide\u00f1a este s\u00e1bado 20 de diciembre en la Zona Centro en las calles Ocampo y Ni\u00f1os H\u00e9roes, donde m\u00e1s de 25 negocios ofertaran sus productos de 11 am a 7 pm en estas vialidades, adem\u00e1s de m\u00fasica en vivo y sorpresas para toda la familia.<\/p>\n<p>\u201cEstamos muy contentos de poder llevar a cabo esta venta navide\u00f1a, es la primera vez que se realiza en el municipio y representa una gran oportunidad para apoyar a nuestros comerciantes locales y a las familias meoquenses\u201d, expres\u00f3 Alan Mata, director de Desarrollo Econ\u00f3mico y Turismo, quien destac\u00f3 adem\u00e1s que esto es una suma de esfuerzos entre Comerciantes Unidos de las calles Ocampo y Ni\u00f1os H\u00e9roes y el Gobierno Municipal.<\/p>\n<p>Asimismo, mencion\u00f3 que la encomienda de la alcaldesa Miriam Soto ha sido impulsar de manera constante el comercio local, ya que estas acciones generan un impacto positivo directo en la econom\u00eda de las familias del municipio, especialmente en una temporada clave como lo es la navide\u00f1a.<\/p>\n<p>Finalmente, el director de Desarrollo Econ\u00f3mico y Turismo extendi\u00f3 la invitaci\u00f3n a la ciudadan\u00eda a aprovechar esta venta navide\u00f1a y consumir en Meoqui, apoyando a los negocios locales y fortaleciendo el desarrollo econ\u00f3mico del municipio.<\/p>\n","protected":false},"excerpt":{"rendered":"<p>Invitan Comerciantes Unidos de las calles Ocampo y Ni\u00f1os H\u00e9roes, en coordinaci\u00f3n con el Gobierno Municipal a toda la regi\u00f3n a sumarse a la primera edici\u00f3n de esta gran venta Por primera vez en Meoqui, se llevar\u00e1 a cabo la Gran Venta Navide\u00f1a este s\u00e1bado 20 de diciembre en la Zona Centro en las calles Ocampo y Ni\u00f1os H\u00e9roes, donde m\u00e1s de 25 negocios ofertaran sus productos de 11 am a 7 pm en estas vialidades, adem\u00e1s de m\u00fasica en vivo y sorpresas para toda la familia. \u201cEstamos muy contentos de poder llevar a cabo esta venta navide\u00f1a, es la primera vez que se realiza en el municipio y representa una gran oportunidad para apoyar a nuestros comerciantes locales y a las familias meoquenses\u201d, expres\u00f3 Alan Mata, director de Desarrollo Econ\u00f3mico y Turismo, quien destac\u00f3 adem\u00e1s que esto es una suma de esfuerzos entre Comerciantes Unidos de las calles Ocampo y Ni\u00f1os H\u00e9roes y el Gobierno Municipal. Asimismo, mencion\u00f3 que la encomienda de la alcaldesa Miriam Soto ha sido impulsar de manera constante el comercio local, ya que estas acciones generan un impacto positivo directo en la econom\u00eda de las familias del municipio, especialmente en una temporada clave como lo es la navide\u00f1a. Finalmente, el director de Desarrollo Econ\u00f3mico y Turismo extendi\u00f3 la invitaci\u00f3n a la ciudadan\u00eda a aprovechar esta venta navide\u00f1a y consumir en Meoqui, apoyando a los negocios locales y fortaleciendo el desarrollo econ\u00f3mico del municipio.<\/p>\n","protected":false},"author":2,"featured_media":19440,"comment_status":"open","ping_status":"open","sticky":false,"template":"","format":"standard","meta":{"_monsterinsights_skip_tracking":false,"_monsterinsights_sitenote_active":false,"_monsterinsights_sitenote_note":"","_monsterinsights_sitenote_category":0,"advanced_seo_description":"","jetpack_seo_html_title":"","jetpack_seo_noindex":false,"_jetpack_memberships_contains_paid_content":false,"footnotes":"","jetpack_publicize_message":"","jetpack_publicize_feature_enabled":true,"jetpack_social_post_already_shared":true,"jetpack_social_options":{"image_generator_settings":{"template":"highway","enabled":false},"version":2}},"categories":[135,7,11],"tags":[],"class_list":["post-19439","post","type-post","status-publish","format-standard","has-post-thumbnail","hentry","category-lo-mas-leido","category-local","category-principal"],"jetpack_publicize_connections":[],"jetpack_sharing_enabled":true,"jetpack_featured_media_url":"https:\/\/i0.wp.com\/alcierrenoticias.com\/wp-content\/uploads\/2025\/12\/WhatsApp-Image-2025-12-16-at-3.13.22-PM-e1766000776619.jpeg?fit=400%2C534&ssl=1","amp_enabled":true,"_links":{"self":[{"href":"https:\/\/alcierrenoticias.com\/index.php\/wp-json\/wp\/v2\/posts\/19439","targetHints":{"allow":["GET"]}}],"collection":[{"href":"https:\/\/alcierrenoticias.com\/index.php\/wp-json\/wp\/v2\/posts"}],"about":[{"href":"https:\/\/alcierrenoticias.com\/index.php\/wp-json\/wp\/v2\/types\/post"}],"author":[{"embeddable":true,"href":"https:\/\/alcierrenoticias.com\/index.php\/wp-json\/wp\/v2\/users\/2"}],"replies":[{"embeddable":true,"href":"https:\/\/alcierrenoticias.com\/index.php\/wp-json\/wp\/v2\/comments?post=19439"}],"version-history":[{"count":1,"href":"https:\/\/alcierrenoticias.com\/index.php\/wp-json\/wp\/v2\/posts\/19439\/revisions"}],"predecessor-version":[{"id":19441,"href":"https:\/\/alcierrenoticias.com\/index.php\/wp-json\/wp\/v2\/posts\/19439\/revisions\/19441"}],"wp:featuredmedia":[{"embeddable":true,"href":"https:\/\/alcierrenoticias.com\/index.php\/wp-json\/wp\/v2\/media\/19440"}],"wp:attachment":[{"href":"https:\/\/alcierrenoticias.com\/index.php\/wp-json\/wp\/v2\/media?parent=19439"}],"wp:term":[{"taxonomy":"category","embeddable":true,"href":"https:\/\/alcierrenoticias.com\/index.php\/wp-json\/wp\/v2\/categories?post=19439"},{"taxonomy":"post_tag","embeddable":true,"href":"https:\/\/alcierrenoticias.com\/index.php\/wp-json\/wp\/v2\/tags?post=19439"}],"curies":[{"name":"wp","href":"https:\/\/api.w.org\/{rel}","templated":true}]}}