{"id":19423,"date":"2025-12-15T21:50:49","date_gmt":"2025-12-16T03:50:49","guid":{"rendered":"https:\/\/alcierrenoticias.com\/?p=19423"},"modified":"2025-12-17T13:38:01","modified_gmt":"2025-12-17T19:38:01","slug":"queremos-que-paisanos-disfruten-de-un-camargo-mas-bonito-con-nueva-decoracion-navidena-jorge-aldana","status":"publish","type":"post","link":"https:\/\/alcierrenoticias.com\/index.php\/2025\/12\/15\/queremos-que-paisanos-disfruten-de-un-camargo-mas-bonito-con-nueva-decoracion-navidena-jorge-aldana\/","title":{"rendered":"\u201cQueremos que paisanos disfruten de un Camargo m\u00e1s bonito con nueva decoraci\u00f3n navide\u00f1a\u201d: Jorge Aldana."},"content":{"rendered":"<p>El presidente municipal de Camargo, Jorge Aldana, inform\u00f3 que el municipio cuenta con nueva decoraci\u00f3n navide\u00f1a instalada en toda la ciudad, as\u00ed como en puntos esenciales como la Plaza Ju\u00e1rez, la calle Guerrero y la Puerta de la Ciudad.<\/p>\n<p>El alcalde resalt\u00f3 que el objetivo principal de estas acciones es que las y los camarguenses, as\u00ed como nuestros paisanos que regresan en esta temporada, disfruten de un Camargo m\u00e1s bonito con nueva decoraci\u00f3n navide\u00f1a.<br \/>\nAsegur\u00f3 que desde la administraci\u00f3n municipal se contin\u00faa trabajando en mejorar la imagen de la ciudad, especialmente en fechas importantes como la Navidad, buscando ofrecer espacios agradables para convivir y recorrer Camargo en familia.<\/p>\n","protected":false},"excerpt":{"rendered":"<p>El presidente municipal de Camargo, Jorge Aldana, inform\u00f3 que el municipio cuenta con nueva decoraci\u00f3n navide\u00f1a instalada en toda la ciudad, as\u00ed como en puntos esenciales como la Plaza Ju\u00e1rez, la calle Guerrero y la Puerta de la Ciudad. El alcalde resalt\u00f3 que el objetivo principal de estas acciones es que las y los camarguenses, as\u00ed como nuestros paisanos que regresan en esta temporada, disfruten de un Camargo m\u00e1s bonito con nueva decoraci\u00f3n navide\u00f1a. Asegur\u00f3 que desde la administraci\u00f3n municipal se contin\u00faa trabajando en mejorar la imagen de la ciudad, especialmente en fechas importantes como la Navidad, buscando ofrecer espacios agradables para convivir y recorrer Camargo en familia.<\/p>\n","protected":false},"author":2,"featured_media":19424,"comment_status":"open","ping_status":"open","sticky":false,"template":"","format":"standard","meta":{"_monsterinsights_skip_tracking":false,"_monsterinsights_sitenote_active":false,"_monsterinsights_sitenote_note":"","_monsterinsights_sitenote_category":0,"advanced_seo_description":"","jetpack_seo_html_title":"","jetpack_seo_noindex":false,"_jetpack_memberships_contains_paid_content":false,"footnotes":"","jetpack_publicize_message":"","jetpack_publicize_feature_enabled":true,"jetpack_social_post_already_shared":true,"jetpack_social_options":{"image_generator_settings":{"template":"highway","enabled":false},"version":2}},"categories":[8,135,11],"tags":[],"class_list":["post-19423","post","type-post","status-publish","format-standard","has-post-thumbnail","hentry","category-estado","category-lo-mas-leido","category-principal"],"jetpack_publicize_connections":[],"jetpack_sharing_enabled":true,"jetpack_featured_media_url":"https:\/\/i0.wp.com\/alcierrenoticias.com\/wp-content\/uploads\/2025\/12\/WhatsApp-Image-2025-12-15-at-10.54.49-PM.jpeg?fit=1500%2C842&ssl=1","amp_enabled":true,"_links":{"self":[{"href":"https:\/\/alcierrenoticias.com\/index.php\/wp-json\/wp\/v2\/posts\/19423","targetHints":{"allow":["GET"]}}],"collection":[{"href":"https:\/\/alcierrenoticias.com\/index.php\/wp-json\/wp\/v2\/posts"}],"about":[{"href":"https:\/\/alcierrenoticias.com\/index.php\/wp-json\/wp\/v2\/types\/post"}],"author":[{"embeddable":true,"href":"https:\/\/alcierrenoticias.com\/index.php\/wp-json\/wp\/v2\/users\/2"}],"replies":[{"embeddable":true,"href":"https:\/\/alcierrenoticias.com\/index.php\/wp-json\/wp\/v2\/comments?post=19423"}],"version-history":[{"count":2,"href":"https:\/\/alcierrenoticias.com\/index.php\/wp-json\/wp\/v2\/posts\/19423\/revisions"}],"predecessor-version":[{"id":19426,"href":"https:\/\/alcierrenoticias.com\/index.php\/wp-json\/wp\/v2\/posts\/19423\/revisions\/19426"}],"wp:featuredmedia":[{"embeddable":true,"href":"https:\/\/alcierrenoticias.com\/index.php\/wp-json\/wp\/v2\/media\/19424"}],"wp:attachment":[{"href":"https:\/\/alcierrenoticias.com\/index.php\/wp-json\/wp\/v2\/media?parent=19423"}],"wp:term":[{"taxonomy":"category","embeddable":true,"href":"https:\/\/alcierrenoticias.com\/index.php\/wp-json\/wp\/v2\/categories?post=19423"},{"taxonomy":"post_tag","embeddable":true,"href":"https:\/\/alcierrenoticias.com\/index.php\/wp-json\/wp\/v2\/tags?post=19423"}],"curies":[{"name":"wp","href":"https:\/\/api.w.org\/{rel}","templated":true}]}}