{"id":1942,"date":"2023-04-21T15:00:21","date_gmt":"2023-04-21T21:00:21","guid":{"rendered":"https:\/\/alcierrenoticias.com\/?p=1942"},"modified":"2023-04-21T15:00:21","modified_gmt":"2023-04-21T21:00:21","slug":"regalaran-150-libros-en-meoqui-este-sabado-en-la-actividad-libros-a-volar","status":"publish","type":"post","link":"https:\/\/alcierrenoticias.com\/index.php\/2023\/04\/21\/regalaran-150-libros-en-meoqui-este-sabado-en-la-actividad-libros-a-volar\/","title":{"rendered":"Regalar\u00e1n 150 libros en Meoqui este s\u00e1bado en la actividad \u201cLibros a Volar\u201d."},"content":{"rendered":"<p><em>A partir de las 10:00 AM colocar\u00e1n los libros forrados de color amarillo en distintos puntos ic\u00f3nicos del municipio, algunos tendr\u00e1n dedicatoria de la alcaldesa<\/em><\/p>\n<p>&nbsp;<\/p>\n<p>Novela, biograf\u00eda, poes\u00eda, fantas\u00eda, entre otros, son algunos de los g\u00e9neros de los 150 libros que ser\u00e1n donados este s\u00e1bado en Meoqui a partir de las 10:00 AM, en el marco del D\u00eda Mundial del Libro, esto en la actividad \u201cLibros a Volar\u201d organizada por el Gobierno Municipal a trav\u00e9s de la direcci\u00f3n de Desarrollo Social, quienes hacen extensiva la invitaci\u00f3n a la ciudadan\u00eda para que busquen estos libros que estar\u00e1n forrados de color amarillo y ser\u00e1n colocados en distintos puntos del municipio.<\/p>\n<p><img data-recalc-dims=\"1\" fetchpriority=\"high\" decoding=\"async\" class=\"alignnone  wp-image-1944\" src=\"https:\/\/i0.wp.com\/alcierrenoticias.com\/wp-content\/uploads\/2023\/04\/WhatsApp-Image-2023-04-21-at-2.30.52-PM.jpeg?resize=750%2C499&#038;ssl=1\" alt=\"\" width=\"750\" height=\"499\" srcset=\"https:\/\/i0.wp.com\/alcierrenoticias.com\/wp-content\/uploads\/2023\/04\/WhatsApp-Image-2023-04-21-at-2.30.52-PM.jpeg?resize=300%2C200&amp;ssl=1 300w, https:\/\/i0.wp.com\/alcierrenoticias.com\/wp-content\/uploads\/2023\/04\/WhatsApp-Image-2023-04-21-at-2.30.52-PM.jpeg?resize=1024%2C682&amp;ssl=1 1024w, https:\/\/i0.wp.com\/alcierrenoticias.com\/wp-content\/uploads\/2023\/04\/WhatsApp-Image-2023-04-21-at-2.30.52-PM.jpeg?resize=768%2C512&amp;ssl=1 768w, https:\/\/i0.wp.com\/alcierrenoticias.com\/wp-content\/uploads\/2023\/04\/WhatsApp-Image-2023-04-21-at-2.30.52-PM.jpeg?resize=1536%2C1023&amp;ssl=1 1536w, https:\/\/i0.wp.com\/alcierrenoticias.com\/wp-content\/uploads\/2023\/04\/WhatsApp-Image-2023-04-21-at-2.30.52-PM.jpeg?w=1600&amp;ssl=1 1600w\" sizes=\"(max-width: 750px) 100vw, 750px\" \/><\/p>\n<p>\u201cQue sepan que cuando los vean pueden tomarlos, la intenci\u00f3n de esta actividad es fomentar la lectura, una vez que lean el libro que encontraron pueden compartirlo con alguien m\u00e1s, tendremos algunos libros dedicados por la alcaldesa Miriam Soto, como saben a ella le fascina la lectura y compartir esta actividad fue una iniciativa de ella\u201d, inform\u00f3 Zenyith P\u00e9rez, directora de Desarrollo Social.<\/p>\n<p>&nbsp;<\/p>\n<p>Por \u00faltimo, la directora mencion\u00f3 que otra parte de los 150 libros ser\u00e1n destinados para los ni\u00f1os y ni\u00f1as del municipio de Meoqui como parte de los festejos del D\u00eda del Ni\u00f1o, que ser\u00e1n repartidos la pr\u00f3xima semana.<\/p>\n<p><img data-recalc-dims=\"1\" decoding=\"async\" class=\"alignnone  wp-image-1945\" src=\"https:\/\/i0.wp.com\/alcierrenoticias.com\/wp-content\/uploads\/2023\/04\/WhatsApp-Image-2023-04-21-at-2.30.57-PM.jpeg?resize=750%2C500&#038;ssl=1\" alt=\"\" width=\"750\" height=\"500\" srcset=\"https:\/\/i0.wp.com\/alcierrenoticias.com\/wp-content\/uploads\/2023\/04\/WhatsApp-Image-2023-04-21-at-2.30.57-PM.jpeg?resize=300%2C200&amp;ssl=1 300w, https:\/\/i0.wp.com\/alcierrenoticias.com\/wp-content\/uploads\/2023\/04\/WhatsApp-Image-2023-04-21-at-2.30.57-PM.jpeg?resize=1024%2C682&amp;ssl=1 1024w, https:\/\/i0.wp.com\/alcierrenoticias.com\/wp-content\/uploads\/2023\/04\/WhatsApp-Image-2023-04-21-at-2.30.57-PM.jpeg?resize=768%2C512&amp;ssl=1 768w, https:\/\/i0.wp.com\/alcierrenoticias.com\/wp-content\/uploads\/2023\/04\/WhatsApp-Image-2023-04-21-at-2.30.57-PM.jpeg?resize=1536%2C1023&amp;ssl=1 1536w, https:\/\/i0.wp.com\/alcierrenoticias.com\/wp-content\/uploads\/2023\/04\/WhatsApp-Image-2023-04-21-at-2.30.57-PM.jpeg?w=1600&amp;ssl=1 1600w\" sizes=\"(max-width: 750px) 100vw, 750px\" \/><\/p>\n","protected":false},"excerpt":{"rendered":"<p>A partir de las 10:00 AM colocar\u00e1n los libros forrados de color amarillo en distintos puntos ic\u00f3nicos del municipio, algunos tendr\u00e1n dedicatoria de la alcaldesa &nbsp; Novela, biograf\u00eda, poes\u00eda, fantas\u00eda, entre otros, son algunos de los g\u00e9neros de los 150 libros que ser\u00e1n donados este s\u00e1bado en Meoqui a partir de las 10:00 AM, en el marco del D\u00eda Mundial del Libro, esto en la actividad \u201cLibros a Volar\u201d organizada por el Gobierno Municipal a trav\u00e9s de la direcci\u00f3n de Desarrollo Social, quienes hacen extensiva la invitaci\u00f3n a la ciudadan\u00eda para que busquen estos libros que estar\u00e1n forrados de color amarillo y ser\u00e1n colocados en distintos puntos del municipio. \u201cQue sepan que cuando los vean pueden tomarlos, la intenci\u00f3n de esta actividad es fomentar la lectura, una vez que lean el libro que encontraron pueden compartirlo con alguien m\u00e1s, tendremos algunos libros dedicados por la alcaldesa Miriam Soto, como saben a ella le fascina la lectura y compartir esta actividad fue una iniciativa de ella\u201d, inform\u00f3 Zenyith P\u00e9rez, directora de Desarrollo Social. &nbsp; Por \u00faltimo, la directora mencion\u00f3 que otra parte de los 150 libros ser\u00e1n destinados para los ni\u00f1os y ni\u00f1as del municipio de Meoqui como parte de los festejos del D\u00eda del Ni\u00f1o, que ser\u00e1n repartidos la pr\u00f3xima semana.<\/p>\n","protected":false},"author":2,"featured_media":1943,"comment_status":"open","ping_status":"open","sticky":false,"template":"","format":"standard","meta":{"_monsterinsights_skip_tracking":false,"_monsterinsights_sitenote_active":false,"_monsterinsights_sitenote_note":"","_monsterinsights_sitenote_category":0,"advanced_seo_description":"","jetpack_seo_html_title":"","jetpack_seo_noindex":false,"_jetpack_memberships_contains_paid_content":false,"footnotes":"","jetpack_publicize_message":"","jetpack_publicize_feature_enabled":true,"jetpack_social_post_already_shared":true,"jetpack_social_options":{"image_generator_settings":{"template":"highway","enabled":false},"version":2}},"categories":[135,7,11],"tags":[],"class_list":["post-1942","post","type-post","status-publish","format-standard","has-post-thumbnail","hentry","category-lo-mas-leido","category-local","category-principal"],"jetpack_publicize_connections":[],"jetpack_sharing_enabled":true,"jetpack_featured_media_url":"https:\/\/i0.wp.com\/alcierrenoticias.com\/wp-content\/uploads\/2023\/04\/WhatsApp-Image-2023-04-21-at-2.30.55-PM.jpeg?fit=1600%2C1066&ssl=1","amp_enabled":true,"_links":{"self":[{"href":"https:\/\/alcierrenoticias.com\/index.php\/wp-json\/wp\/v2\/posts\/1942","targetHints":{"allow":["GET"]}}],"collection":[{"href":"https:\/\/alcierrenoticias.com\/index.php\/wp-json\/wp\/v2\/posts"}],"about":[{"href":"https:\/\/alcierrenoticias.com\/index.php\/wp-json\/wp\/v2\/types\/post"}],"author":[{"embeddable":true,"href":"https:\/\/alcierrenoticias.com\/index.php\/wp-json\/wp\/v2\/users\/2"}],"replies":[{"embeddable":true,"href":"https:\/\/alcierrenoticias.com\/index.php\/wp-json\/wp\/v2\/comments?post=1942"}],"version-history":[{"count":1,"href":"https:\/\/alcierrenoticias.com\/index.php\/wp-json\/wp\/v2\/posts\/1942\/revisions"}],"predecessor-version":[{"id":1946,"href":"https:\/\/alcierrenoticias.com\/index.php\/wp-json\/wp\/v2\/posts\/1942\/revisions\/1946"}],"wp:featuredmedia":[{"embeddable":true,"href":"https:\/\/alcierrenoticias.com\/index.php\/wp-json\/wp\/v2\/media\/1943"}],"wp:attachment":[{"href":"https:\/\/alcierrenoticias.com\/index.php\/wp-json\/wp\/v2\/media?parent=1942"}],"wp:term":[{"taxonomy":"category","embeddable":true,"href":"https:\/\/alcierrenoticias.com\/index.php\/wp-json\/wp\/v2\/categories?post=1942"},{"taxonomy":"post_tag","embeddable":true,"href":"https:\/\/alcierrenoticias.com\/index.php\/wp-json\/wp\/v2\/tags?post=1942"}],"curies":[{"name":"wp","href":"https:\/\/api.w.org\/{rel}","templated":true}]}}