{"id":19415,"date":"2025-12-15T14:37:20","date_gmt":"2025-12-15T20:37:20","guid":{"rendered":"https:\/\/alcierrenoticias.com\/?p=19415"},"modified":"2025-12-17T12:46:22","modified_gmt":"2025-12-17T18:46:22","slug":"acuden-en-promedio-50-personas-diariamente-al-primer-comedor-comunitario-de-meoqui","status":"publish","type":"post","link":"https:\/\/alcierrenoticias.com\/index.php\/2025\/12\/15\/acuden-en-promedio-50-personas-diariamente-al-primer-comedor-comunitario-de-meoqui\/","title":{"rendered":"Acuden en promedio 50 personas diariamente al primer comedor comunitario de Meoqui."},"content":{"rendered":"<p>En pr\u00f3ximos d\u00edas ser\u00e1 inaugurado oficialmente por la alcaldesa Miriam Soto y Gobierno del Estado<\/p>\n<p>En promedio, 50 personas acuden diariamente al primer comedor comunitario que opera en Meoqui, ubicado en el seccional de L\u00e1zaro C\u00e1rdenas, as\u00ed lo inform\u00f3 el director del DIF Municipal, Luis Valles, quien destac\u00f3 que este espacio ya se encuentra en funciones y ser\u00e1 inaugurado oficialmente en los pr\u00f3ximos d\u00edas por la alcaldesa Miriam Soto y Gobierno del Estado.<\/p>\n<p>El director explic\u00f3 que el comedor comunitario inici\u00f3 operaciones recientemente y es resultado de una gesti\u00f3n realizada por la alcaldesa Miriam Soto ante la Secretar\u00eda de Desarrollo Humano y Bien Com\u00fan del Gobierno del Estado, con el objetivo de brindar alimentaci\u00f3n gratuita, nutritiva y balanceada a ni\u00f1os, ni\u00f1as y personas adultas mayores en situaci\u00f3n de vulnerabilidad.<\/p>\n<p>\u201cMuy contentos porque este comedor es el primero en su tipo que est\u00e1 en funciones dentro de nuestro municipio y fue el seccional de L\u00e1zaro C\u00e1rdenas el elegido para su instalaci\u00f3n. Actualmente estamos atendiendo en promedio a 50 personas diariamente, quienes reciben un platillo completo y nutritivo\u201d, se\u00f1al\u00f3 Luis Valles.<\/p>\n<p>El director del DIF Municipal invit\u00f3 a las familias que requieran de este servicio a acudir al comedor, ubicado en la intersecci\u00f3n de las calles Venustiano Carranza y Francisco Villa, en un horario de 1:00 a 3:00 de la tarde. A\u00f1adi\u00f3 que, para acceder al servicio, las personas deber\u00e1n presentar una identificaci\u00f3n oficial y, en el caso de menores de edad, su curva de crecimiento, en caso de no estar registrados previamente en el programa Nutri Chihuahua.<\/p>\n<p>Finalmente, destac\u00f3 que con este comedor comunitario se atiende una de las principales necesidades de la poblaci\u00f3n, que es el acceso a una alimentaci\u00f3n saludable y balanceada, y expres\u00f3 su agradecimiento al Gobierno del Estado, as\u00ed como a Presidencia Municipal, por el trabajo coordinado para hacer posible este importante beneficio para la comunidad.<\/p>\n","protected":false},"excerpt":{"rendered":"<p>En pr\u00f3ximos d\u00edas ser\u00e1 inaugurado oficialmente por la alcaldesa Miriam Soto y Gobierno del Estado En promedio, 50 personas acuden diariamente al primer comedor comunitario que opera en Meoqui, ubicado en el seccional de L\u00e1zaro C\u00e1rdenas, as\u00ed lo inform\u00f3 el director del DIF Municipal, Luis Valles, quien destac\u00f3 que este espacio ya se encuentra en funciones y ser\u00e1 inaugurado oficialmente en los pr\u00f3ximos d\u00edas por la alcaldesa Miriam Soto y Gobierno del Estado. El director explic\u00f3 que el comedor comunitario inici\u00f3 operaciones recientemente y es resultado de una gesti\u00f3n realizada por la alcaldesa Miriam Soto ante la Secretar\u00eda de Desarrollo Humano y Bien Com\u00fan del Gobierno del Estado, con el objetivo de brindar alimentaci\u00f3n gratuita, nutritiva y balanceada a ni\u00f1os, ni\u00f1as y personas adultas mayores en situaci\u00f3n de vulnerabilidad. \u201cMuy contentos porque este comedor es el primero en su tipo que est\u00e1 en funciones dentro de nuestro municipio y fue el seccional de L\u00e1zaro C\u00e1rdenas el elegido para su instalaci\u00f3n. Actualmente estamos atendiendo en promedio a 50 personas diariamente, quienes reciben un platillo completo y nutritivo\u201d, se\u00f1al\u00f3 Luis Valles. El director del DIF Municipal invit\u00f3 a las familias que requieran de este servicio a acudir al comedor, ubicado en la intersecci\u00f3n de las calles Venustiano Carranza y Francisco Villa, en un horario de 1:00 a 3:00 de la tarde. A\u00f1adi\u00f3 que, para acceder al servicio, las personas deber\u00e1n presentar una identificaci\u00f3n oficial y, en el caso de menores de edad, su curva de crecimiento, en caso de no estar registrados previamente en el programa Nutri Chihuahua. Finalmente, destac\u00f3 que con este comedor comunitario se atiende una de las principales necesidades de la poblaci\u00f3n, que es el acceso a una alimentaci\u00f3n saludable y balanceada, y expres\u00f3 su agradecimiento al Gobierno del Estado, as\u00ed como a Presidencia Municipal, por el trabajo coordinado para hacer posible este importante beneficio para la comunidad.<\/p>\n","protected":false},"author":2,"featured_media":19416,"comment_status":"open","ping_status":"open","sticky":false,"template":"","format":"standard","meta":{"_monsterinsights_skip_tracking":false,"_monsterinsights_sitenote_active":false,"_monsterinsights_sitenote_note":"","_monsterinsights_sitenote_category":0,"advanced_seo_description":"","jetpack_seo_html_title":"","jetpack_seo_noindex":false,"_jetpack_memberships_contains_paid_content":false,"footnotes":"","jetpack_publicize_message":"","jetpack_publicize_feature_enabled":true,"jetpack_social_post_already_shared":true,"jetpack_social_options":{"image_generator_settings":{"template":"highway","enabled":false},"version":2}},"categories":[135,7,11],"tags":[],"class_list":["post-19415","post","type-post","status-publish","format-standard","has-post-thumbnail","hentry","category-lo-mas-leido","category-local","category-principal"],"jetpack_publicize_connections":[],"jetpack_sharing_enabled":true,"jetpack_featured_media_url":"https:\/\/i0.wp.com\/alcierrenoticias.com\/wp-content\/uploads\/2025\/12\/WhatsApp-Image-2025-12-15-at-2.27.04-PM.jpeg?fit=1236%2C927&ssl=1","amp_enabled":true,"_links":{"self":[{"href":"https:\/\/alcierrenoticias.com\/index.php\/wp-json\/wp\/v2\/posts\/19415","targetHints":{"allow":["GET"]}}],"collection":[{"href":"https:\/\/alcierrenoticias.com\/index.php\/wp-json\/wp\/v2\/posts"}],"about":[{"href":"https:\/\/alcierrenoticias.com\/index.php\/wp-json\/wp\/v2\/types\/post"}],"author":[{"embeddable":true,"href":"https:\/\/alcierrenoticias.com\/index.php\/wp-json\/wp\/v2\/users\/2"}],"replies":[{"embeddable":true,"href":"https:\/\/alcierrenoticias.com\/index.php\/wp-json\/wp\/v2\/comments?post=19415"}],"version-history":[{"count":2,"href":"https:\/\/alcierrenoticias.com\/index.php\/wp-json\/wp\/v2\/posts\/19415\/revisions"}],"predecessor-version":[{"id":19418,"href":"https:\/\/alcierrenoticias.com\/index.php\/wp-json\/wp\/v2\/posts\/19415\/revisions\/19418"}],"wp:featuredmedia":[{"embeddable":true,"href":"https:\/\/alcierrenoticias.com\/index.php\/wp-json\/wp\/v2\/media\/19416"}],"wp:attachment":[{"href":"https:\/\/alcierrenoticias.com\/index.php\/wp-json\/wp\/v2\/media?parent=19415"}],"wp:term":[{"taxonomy":"category","embeddable":true,"href":"https:\/\/alcierrenoticias.com\/index.php\/wp-json\/wp\/v2\/categories?post=19415"},{"taxonomy":"post_tag","embeddable":true,"href":"https:\/\/alcierrenoticias.com\/index.php\/wp-json\/wp\/v2\/tags?post=19415"}],"curies":[{"name":"wp","href":"https:\/\/api.w.org\/{rel}","templated":true}]}}