{"id":19403,"date":"2025-12-13T15:04:50","date_gmt":"2025-12-13T21:04:50","guid":{"rendered":"https:\/\/alcierrenoticias.com\/?p=19403"},"modified":"2025-12-14T23:18:54","modified_gmt":"2025-12-15T05:18:54","slug":"invitan-a-las-familias-de-delicias-al-primer-festival-navideno-de-estancias-infantiles","status":"publish","type":"post","link":"https:\/\/alcierrenoticias.com\/index.php\/2025\/12\/13\/invitan-a-las-familias-de-delicias-al-primer-festival-navideno-de-estancias-infantiles\/","title":{"rendered":"Invitan a las familias de Delicias al primer Festival Navide\u00f1o de Estancias Infantiles."},"content":{"rendered":"<p>La Federaci\u00f3n de Estancias Infantiles de Chihuahua, en coordinaci\u00f3n con el Gobierno Municipal de Delicias, invita a la ciudadan\u00eda a asistir al primer Festival Navide\u00f1o organizado por este sector, el cual se llevar\u00e1 a cabo el pr\u00f3ximo lunes 15 de diciembre en la plaza Benito Ju\u00e1rez, a partir de las 6:00 de la tarde.<\/p>\n<p>En este festival participar\u00e1n 12 estancias infantiles del municipio, que presentar\u00e1n diversas actividades alusivas a la temporada navide\u00f1a, con el prop\u00f3sito de ofrecer un espacio de convivencia y recreaci\u00f3n para las familias de Delicias.<\/p>\n<p>Las y los organizadores destacaron que este tipo de eventos buscan fortalecer los lazos familiares y comunitarios, adem\u00e1s de brindar un punto de encuentro donde ni\u00f1as y ni\u00f1os puedan expresarse, convivir y desarrollar habilidades que contribuyen a su formaci\u00f3n integral.<\/p>\n<p>Durante la presentaci\u00f3n de la invitaci\u00f3n estuvo presente la presidenta de la Federaci\u00f3n de Estancias Infantiles en Chihuahua, Berta Osollo, quien resalt\u00f3 la importancia de promover actividades que impulsen el desarrollo social y emocional de la ni\u00f1ez, as\u00ed como la colaboraci\u00f3n entre sociedad civil y autoridades municipales.<\/p>\n","protected":false},"excerpt":{"rendered":"<p>La Federaci\u00f3n de Estancias Infantiles de Chihuahua, en coordinaci\u00f3n con el Gobierno Municipal de Delicias, invita a la ciudadan\u00eda a asistir al primer Festival Navide\u00f1o organizado por este sector, el cual se llevar\u00e1 a cabo el pr\u00f3ximo lunes 15 de diciembre en la plaza Benito Ju\u00e1rez, a partir de las 6:00 de la tarde. En este festival participar\u00e1n 12 estancias infantiles del municipio, que presentar\u00e1n diversas actividades alusivas a la temporada navide\u00f1a, con el prop\u00f3sito de ofrecer un espacio de convivencia y recreaci\u00f3n para las familias de Delicias. Las y los organizadores destacaron que este tipo de eventos buscan fortalecer los lazos familiares y comunitarios, adem\u00e1s de brindar un punto de encuentro donde ni\u00f1as y ni\u00f1os puedan expresarse, convivir y desarrollar habilidades que contribuyen a su formaci\u00f3n integral. Durante la presentaci\u00f3n de la invitaci\u00f3n estuvo presente la presidenta de la Federaci\u00f3n de Estancias Infantiles en Chihuahua, Berta Osollo, quien resalt\u00f3 la importancia de promover actividades que impulsen el desarrollo social y emocional de la ni\u00f1ez, as\u00ed como la colaboraci\u00f3n entre sociedad civil y autoridades municipales.<\/p>\n","protected":false},"author":2,"featured_media":19404,"comment_status":"open","ping_status":"open","sticky":false,"template":"","format":"standard","meta":{"_monsterinsights_skip_tracking":false,"_monsterinsights_sitenote_active":false,"_monsterinsights_sitenote_note":"","_monsterinsights_sitenote_category":0,"advanced_seo_description":"","jetpack_seo_html_title":"","jetpack_seo_noindex":false,"_jetpack_memberships_contains_paid_content":false,"footnotes":"","jetpack_publicize_message":"","jetpack_publicize_feature_enabled":true,"jetpack_social_post_already_shared":true,"jetpack_social_options":{"image_generator_settings":{"template":"highway","enabled":false},"version":2}},"categories":[135,7,11],"tags":[],"class_list":["post-19403","post","type-post","status-publish","format-standard","has-post-thumbnail","hentry","category-lo-mas-leido","category-local","category-principal"],"jetpack_publicize_connections":[],"jetpack_sharing_enabled":true,"jetpack_featured_media_url":"https:\/\/i0.wp.com\/alcierrenoticias.com\/wp-content\/uploads\/2025\/12\/WhatsApp-Image-2025-12-13-at-2.37.18-PM.jpeg?fit=1600%2C1066&ssl=1","amp_enabled":true,"_links":{"self":[{"href":"https:\/\/alcierrenoticias.com\/index.php\/wp-json\/wp\/v2\/posts\/19403","targetHints":{"allow":["GET"]}}],"collection":[{"href":"https:\/\/alcierrenoticias.com\/index.php\/wp-json\/wp\/v2\/posts"}],"about":[{"href":"https:\/\/alcierrenoticias.com\/index.php\/wp-json\/wp\/v2\/types\/post"}],"author":[{"embeddable":true,"href":"https:\/\/alcierrenoticias.com\/index.php\/wp-json\/wp\/v2\/users\/2"}],"replies":[{"embeddable":true,"href":"https:\/\/alcierrenoticias.com\/index.php\/wp-json\/wp\/v2\/comments?post=19403"}],"version-history":[{"count":2,"href":"https:\/\/alcierrenoticias.com\/index.php\/wp-json\/wp\/v2\/posts\/19403\/revisions"}],"predecessor-version":[{"id":19406,"href":"https:\/\/alcierrenoticias.com\/index.php\/wp-json\/wp\/v2\/posts\/19403\/revisions\/19406"}],"wp:featuredmedia":[{"embeddable":true,"href":"https:\/\/alcierrenoticias.com\/index.php\/wp-json\/wp\/v2\/media\/19404"}],"wp:attachment":[{"href":"https:\/\/alcierrenoticias.com\/index.php\/wp-json\/wp\/v2\/media?parent=19403"}],"wp:term":[{"taxonomy":"category","embeddable":true,"href":"https:\/\/alcierrenoticias.com\/index.php\/wp-json\/wp\/v2\/categories?post=19403"},{"taxonomy":"post_tag","embeddable":true,"href":"https:\/\/alcierrenoticias.com\/index.php\/wp-json\/wp\/v2\/tags?post=19403"}],"curies":[{"name":"wp","href":"https:\/\/api.w.org\/{rel}","templated":true}]}}