{"id":19357,"date":"2025-12-11T16:08:56","date_gmt":"2025-12-11T22:08:56","guid":{"rendered":"https:\/\/alcierrenoticias.com\/?p=19357"},"modified":"2025-12-13T00:03:01","modified_gmt":"2025-12-13T06:03:01","slug":"conmemoran-en-meoqui-el-159-aniversario-de-su-elevacion-a-villa-y-59-como-ciudad","status":"publish","type":"post","link":"https:\/\/alcierrenoticias.com\/index.php\/2025\/12\/11\/conmemoran-en-meoqui-el-159-aniversario-de-su-elevacion-a-villa-y-59-como-ciudad\/","title":{"rendered":"Conmemoran en Meoqui el 159 Aniversario de su Elevaci\u00f3n a Villa y 59 como Ciudad."},"content":{"rendered":"<p>La alcaldesa Miriam Soto destac\u00f3 la importancia de preservar la historia y seguir trabajando unidos por el desarrollo del municipio<\/p>\n<p>Con un emotivo acto c\u00edvico en la Plaza General Pedro Meoqui, el Gobierno Municipal llev\u00f3 a cabo la conmemoraci\u00f3n del 159 aniversario de la elevaci\u00f3n de San Pablo a Villa General Pedro Meoqui, as\u00ed como el 59 aniversario desde que Meoqui fue reconocida como ciudad por el Congreso del Estado, dos fechas que marcaron profundamente la vida pol\u00edtica y social del municipio.<\/p>\n<p>\u201cHoy se conmemoran 159 a\u00f1os del cambio de nombre y categor\u00eda pol\u00edtica de San Pablo a Villa General Pedro Meoqui y tambi\u00e9n 59 a\u00f1os desde que Meoqui fue reconocido como ciudad. Estamos muy contentos porque queremos que estas fechas trasciendan de generaci\u00f3n en generaci\u00f3n, recordar lo que fuimos, lo que somos y lo que queremos ser\u201d, mencion\u00f3 la alcaldesa Miriam Soto, quien expres\u00f3 su satisfacci\u00f3n por celebrar no solo las festividades patronales tradicionales, sino tambi\u00e9n aquellos hechos hist\u00f3ricos y pol\u00edticos que definieron el rumbo de la regi\u00f3n y contribuyeron a la historia del pa\u00eds.<\/p>\n<p>Miriam Soto resalt\u00f3 que el progreso se impulsa desde diversos frentes: infraestructura, obra p\u00fablica social, seguridad, salud, apoyo a productores, servicios p\u00fablicos y el mantenimiento de una ciudad limpia, recordando que este \u00faltimo esfuerzo tambi\u00e9n requiere la participaci\u00f3n de todas las familias meoquenses: \u201cVamos avanzando, vamos por buen camino, pero todav\u00eda falta mucho por crecer y transformar nuestro querido Meoqui. Seguimos trabajando incansablemente para tener el municipio que todos merecemos\u201d.<\/p>\n<p>Por \u00faltimo, enfatiz\u00f3 que ning\u00fan avance ser\u00eda posible sin las alianzas estrat\u00e9gicas con instancias gubernamentales, organizaciones no gubernamentales y la sociedad civil: \u201cEl desarrollo del municipio no se puede contemplar sin el apoyo y el trabajo en equipo de nuestros aliados. Es el esfuerzo de todos para ofrecer lo mejor a las familias de Meoqui\u201d, concluy\u00f3.<\/p>\n","protected":false},"excerpt":{"rendered":"<p>La alcaldesa Miriam Soto destac\u00f3 la importancia de preservar la historia y seguir trabajando unidos por el desarrollo del municipio Con un emotivo acto c\u00edvico en la Plaza General Pedro Meoqui, el Gobierno Municipal llev\u00f3 a cabo la conmemoraci\u00f3n del 159 aniversario de la elevaci\u00f3n de San Pablo a Villa General Pedro Meoqui, as\u00ed como el 59 aniversario desde que Meoqui fue reconocida como ciudad por el Congreso del Estado, dos fechas que marcaron profundamente la vida pol\u00edtica y social del municipio. \u201cHoy se conmemoran 159 a\u00f1os del cambio de nombre y categor\u00eda pol\u00edtica de San Pablo a Villa General Pedro Meoqui y tambi\u00e9n 59 a\u00f1os desde que Meoqui fue reconocido como ciudad. Estamos muy contentos porque queremos que estas fechas trasciendan de generaci\u00f3n en generaci\u00f3n, recordar lo que fuimos, lo que somos y lo que queremos ser\u201d, mencion\u00f3 la alcaldesa Miriam Soto, quien expres\u00f3 su satisfacci\u00f3n por celebrar no solo las festividades patronales tradicionales, sino tambi\u00e9n aquellos hechos hist\u00f3ricos y pol\u00edticos que definieron el rumbo de la regi\u00f3n y contribuyeron a la historia del pa\u00eds. Miriam Soto resalt\u00f3 que el progreso se impulsa desde diversos frentes: infraestructura, obra p\u00fablica social, seguridad, salud, apoyo a productores, servicios p\u00fablicos y el mantenimiento de una ciudad limpia, recordando que este \u00faltimo esfuerzo tambi\u00e9n requiere la participaci\u00f3n de todas las familias meoquenses: \u201cVamos avanzando, vamos por buen camino, pero todav\u00eda falta mucho por crecer y transformar nuestro querido Meoqui. Seguimos trabajando incansablemente para tener el municipio que todos merecemos\u201d. Por \u00faltimo, enfatiz\u00f3 que ning\u00fan avance ser\u00eda posible sin las alianzas estrat\u00e9gicas con instancias gubernamentales, organizaciones no gubernamentales y la sociedad civil: \u201cEl desarrollo del municipio no se puede contemplar sin el apoyo y el trabajo en equipo de nuestros aliados. Es el esfuerzo de todos para ofrecer lo mejor a las familias de Meoqui\u201d, concluy\u00f3.<\/p>\n","protected":false},"author":2,"featured_media":19358,"comment_status":"open","ping_status":"open","sticky":false,"template":"","format":"standard","meta":{"_monsterinsights_skip_tracking":false,"_monsterinsights_sitenote_active":false,"_monsterinsights_sitenote_note":"","_monsterinsights_sitenote_category":0,"advanced_seo_description":"","jetpack_seo_html_title":"","jetpack_seo_noindex":false,"_jetpack_memberships_contains_paid_content":false,"footnotes":"","jetpack_publicize_message":"","jetpack_publicize_feature_enabled":true,"jetpack_social_post_already_shared":true,"jetpack_social_options":{"image_generator_settings":{"template":"highway","enabled":false},"version":2}},"categories":[135,7,11],"tags":[],"class_list":["post-19357","post","type-post","status-publish","format-standard","has-post-thumbnail","hentry","category-lo-mas-leido","category-local","category-principal"],"jetpack_publicize_connections":[],"jetpack_sharing_enabled":true,"jetpack_featured_media_url":"https:\/\/i0.wp.com\/alcierrenoticias.com\/wp-content\/uploads\/2025\/12\/WhatsApp-Image-2025-12-11-at-3.54.22-PM.jpeg?fit=1280%2C853&ssl=1","amp_enabled":true,"_links":{"self":[{"href":"https:\/\/alcierrenoticias.com\/index.php\/wp-json\/wp\/v2\/posts\/19357","targetHints":{"allow":["GET"]}}],"collection":[{"href":"https:\/\/alcierrenoticias.com\/index.php\/wp-json\/wp\/v2\/posts"}],"about":[{"href":"https:\/\/alcierrenoticias.com\/index.php\/wp-json\/wp\/v2\/types\/post"}],"author":[{"embeddable":true,"href":"https:\/\/alcierrenoticias.com\/index.php\/wp-json\/wp\/v2\/users\/2"}],"replies":[{"embeddable":true,"href":"https:\/\/alcierrenoticias.com\/index.php\/wp-json\/wp\/v2\/comments?post=19357"}],"version-history":[{"count":2,"href":"https:\/\/alcierrenoticias.com\/index.php\/wp-json\/wp\/v2\/posts\/19357\/revisions"}],"predecessor-version":[{"id":19360,"href":"https:\/\/alcierrenoticias.com\/index.php\/wp-json\/wp\/v2\/posts\/19357\/revisions\/19360"}],"wp:featuredmedia":[{"embeddable":true,"href":"https:\/\/alcierrenoticias.com\/index.php\/wp-json\/wp\/v2\/media\/19358"}],"wp:attachment":[{"href":"https:\/\/alcierrenoticias.com\/index.php\/wp-json\/wp\/v2\/media?parent=19357"}],"wp:term":[{"taxonomy":"category","embeddable":true,"href":"https:\/\/alcierrenoticias.com\/index.php\/wp-json\/wp\/v2\/categories?post=19357"},{"taxonomy":"post_tag","embeddable":true,"href":"https:\/\/alcierrenoticias.com\/index.php\/wp-json\/wp\/v2\/tags?post=19357"}],"curies":[{"name":"wp","href":"https:\/\/api.w.org\/{rel}","templated":true}]}}