{"id":19349,"date":"2025-12-10T22:30:28","date_gmt":"2025-12-11T04:30:28","guid":{"rendered":"https:\/\/alcierrenoticias.com\/?p=19349"},"modified":"2025-12-12T13:26:22","modified_gmt":"2025-12-12T19:26:22","slug":"encabeza-presidente-jesus-valenciano-el-festival-navideno-y-encendido-del-pino-de-navidad","status":"publish","type":"post","link":"https:\/\/alcierrenoticias.com\/index.php\/2025\/12\/10\/encabeza-presidente-jesus-valenciano-el-festival-navideno-y-encendido-del-pino-de-navidad\/","title":{"rendered":"Encabeza Presidente Jes\u00fas Valenciano el Festival Navide\u00f1o y Encendido del Pino de Navidad."},"content":{"rendered":"<p>El Presidente Municipal Jes\u00fas Valenciano Garc\u00eda, acompa\u00f1ado de su esposa Alma Limas de Valenciano, encabez\u00f3 este domingo el Festival Navide\u00f1o y la ceremonia de encendido del tradicional Pino de Navidad, un festejo que reuni\u00f3 a cientos de familias en la plaza Benito Ju\u00e1rez. Desde las 5 de la tarde, el lugar se llen\u00f3 de ambiente festivo con presentaciones musicales, obras de teatro, n\u00fameros de baile y diversas actividades preparadas para el disfrute de la comunidad.<\/p>\n<p>Las celebraciones continuaron hasta llegar a las 8 de la noche, cuando un llamativo flash mob sorprendi\u00f3 al p\u00fablico. Un guitarrista abri\u00f3 la escena para dar paso al inicio formal de la ceremonia de encendido. En este momento especial participaron el Coro de la Ciudad, la Orquesta Infantil y Juvenil, as\u00ed como la Marching Band de la Preparatoria Albert Einstein 2030, quienes sumaron al ambiente con su talento y energ\u00eda.<\/p>\n<p>Posteriormente, el Presidente Municipal, junto a su familia, presion\u00f3 el bot\u00f3n que ilumin\u00f3 por completo el majestuoso pino navide\u00f1o. De inmediato, fuegos artificiales llenaron el cielo, creando un espect\u00e1culo visual que hizo a\u00fan m\u00e1s emotivo este momento, marcado por la presencia de ni\u00f1as, ni\u00f1os y familias enteras disfrutando del esp\u00edritu navide\u00f1o.<\/p>\n<p>El ambiente se enriqueci\u00f3 con la presencia de personajes ic\u00f3nicos como Santa Claus, el Grinch, Olaf y otros m\u00e1s, quienes convivieron y se tomaron fotograf\u00edas con los asistentes, agregando un toque de magia y alegr\u00eda al festival.<\/p>\n<p>Al evento tambi\u00e9n asistieron el diputado Roberto Carre\u00f3n y su familia, as\u00ed como la l\u00edder sindical Gaby Franco, quienes acompa\u00f1aron a la ciudadan\u00eda en esta importante celebraci\u00f3n que da inicio formal a la temporada navide\u00f1a en Delicias.<\/p>\n","protected":false},"excerpt":{"rendered":"<p>El Presidente Municipal Jes\u00fas Valenciano Garc\u00eda, acompa\u00f1ado de su esposa Alma Limas de Valenciano, encabez\u00f3 este domingo el Festival Navide\u00f1o y la ceremonia de encendido del tradicional Pino de Navidad, un festejo que reuni\u00f3 a cientos de familias en la plaza Benito Ju\u00e1rez. Desde las 5 de la tarde, el lugar se llen\u00f3 de ambiente festivo con presentaciones musicales, obras de teatro, n\u00fameros de baile y diversas actividades preparadas para el disfrute de la comunidad. Las celebraciones continuaron hasta llegar a las 8 de la noche, cuando un llamativo flash mob sorprendi\u00f3 al p\u00fablico. Un guitarrista abri\u00f3 la escena para dar paso al inicio formal de la ceremonia de encendido. En este momento especial participaron el Coro de la Ciudad, la Orquesta Infantil y Juvenil, as\u00ed como la Marching Band de la Preparatoria Albert Einstein 2030, quienes sumaron al ambiente con su talento y energ\u00eda. Posteriormente, el Presidente Municipal, junto a su familia, presion\u00f3 el bot\u00f3n que ilumin\u00f3 por completo el majestuoso pino navide\u00f1o. De inmediato, fuegos artificiales llenaron el cielo, creando un espect\u00e1culo visual que hizo a\u00fan m\u00e1s emotivo este momento, marcado por la presencia de ni\u00f1as, ni\u00f1os y familias enteras disfrutando del esp\u00edritu navide\u00f1o. El ambiente se enriqueci\u00f3 con la presencia de personajes ic\u00f3nicos como Santa Claus, el Grinch, Olaf y otros m\u00e1s, quienes convivieron y se tomaron fotograf\u00edas con los asistentes, agregando un toque de magia y alegr\u00eda al festival. Al evento tambi\u00e9n asistieron el diputado Roberto Carre\u00f3n y su familia, as\u00ed como la l\u00edder sindical Gaby Franco, quienes acompa\u00f1aron a la ciudadan\u00eda en esta importante celebraci\u00f3n que da inicio formal a la temporada navide\u00f1a en Delicias.<\/p>\n","protected":false},"author":2,"featured_media":19350,"comment_status":"open","ping_status":"open","sticky":false,"template":"","format":"standard","meta":{"_monsterinsights_skip_tracking":false,"_monsterinsights_sitenote_active":false,"_monsterinsights_sitenote_note":"","_monsterinsights_sitenote_category":0,"advanced_seo_description":"","jetpack_seo_html_title":"","jetpack_seo_noindex":false,"_jetpack_memberships_contains_paid_content":false,"footnotes":"","jetpack_publicize_message":"","jetpack_publicize_feature_enabled":true,"jetpack_social_post_already_shared":true,"jetpack_social_options":{"image_generator_settings":{"template":"highway","enabled":false},"version":2}},"categories":[135,7,11],"tags":[],"class_list":["post-19349","post","type-post","status-publish","format-standard","has-post-thumbnail","hentry","category-lo-mas-leido","category-local","category-principal"],"jetpack_publicize_connections":[],"jetpack_sharing_enabled":true,"jetpack_featured_media_url":"https:\/\/i0.wp.com\/alcierrenoticias.com\/wp-content\/uploads\/2025\/12\/WhatsApp-Image-2025-12-10-at-10.36.46-PM-1.jpeg?fit=1600%2C1066&ssl=1","amp_enabled":true,"_links":{"self":[{"href":"https:\/\/alcierrenoticias.com\/index.php\/wp-json\/wp\/v2\/posts\/19349","targetHints":{"allow":["GET"]}}],"collection":[{"href":"https:\/\/alcierrenoticias.com\/index.php\/wp-json\/wp\/v2\/posts"}],"about":[{"href":"https:\/\/alcierrenoticias.com\/index.php\/wp-json\/wp\/v2\/types\/post"}],"author":[{"embeddable":true,"href":"https:\/\/alcierrenoticias.com\/index.php\/wp-json\/wp\/v2\/users\/2"}],"replies":[{"embeddable":true,"href":"https:\/\/alcierrenoticias.com\/index.php\/wp-json\/wp\/v2\/comments?post=19349"}],"version-history":[{"count":2,"href":"https:\/\/alcierrenoticias.com\/index.php\/wp-json\/wp\/v2\/posts\/19349\/revisions"}],"predecessor-version":[{"id":19352,"href":"https:\/\/alcierrenoticias.com\/index.php\/wp-json\/wp\/v2\/posts\/19349\/revisions\/19352"}],"wp:featuredmedia":[{"embeddable":true,"href":"https:\/\/alcierrenoticias.com\/index.php\/wp-json\/wp\/v2\/media\/19350"}],"wp:attachment":[{"href":"https:\/\/alcierrenoticias.com\/index.php\/wp-json\/wp\/v2\/media?parent=19349"}],"wp:term":[{"taxonomy":"category","embeddable":true,"href":"https:\/\/alcierrenoticias.com\/index.php\/wp-json\/wp\/v2\/categories?post=19349"},{"taxonomy":"post_tag","embeddable":true,"href":"https:\/\/alcierrenoticias.com\/index.php\/wp-json\/wp\/v2\/tags?post=19349"}],"curies":[{"name":"wp","href":"https:\/\/api.w.org\/{rel}","templated":true}]}}