{"id":19312,"date":"2025-12-10T10:04:12","date_gmt":"2025-12-10T16:04:12","guid":{"rendered":"https:\/\/alcierrenoticias.com\/?p=19312"},"modified":"2025-12-10T14:06:52","modified_gmt":"2025-12-10T20:06:52","slug":"inician-con-aplicacion-de-tartan-en-la-construccion-de-pista-de-atletismo","status":"publish","type":"post","link":"https:\/\/alcierrenoticias.com\/index.php\/2025\/12\/10\/inician-con-aplicacion-de-tartan-en-la-construccion-de-pista-de-atletismo\/","title":{"rendered":"Inician con aplicaci\u00f3n de tart\u00e1n en la construcci\u00f3n de pista de atletismo."},"content":{"rendered":"<p>Los trabajos de construcci\u00f3n de la pista de atletismo contin\u00faan de manera sostenida, inform\u00f3 el director de Obras P\u00fablicas, Alfonso Rodr\u00edguez, al detallar que este d\u00eda se inici\u00f3 con la aplicaci\u00f3n del material tipo tart\u00e1n en una de las medias lunas del circuito deportivo, as\u00ed lo dio a conocer Alfonso Rodr\u00edguez, director de Obras P\u00fablicas.<\/p>\n<p>El funcionario explic\u00f3 que esta etapa contempla un proceso t\u00e9cnico que incluye la aplicaci\u00f3n de un qu\u00edmico base, seguido de una capa de material tipo caucho y posteriormente una capa final de protecci\u00f3n y color, que conforma la superficie definitiva de la pista.<\/p>\n<p>Se\u00f1al\u00f3 que los trabajos podr\u00edan extenderse entre 15 y 20 d\u00edas m\u00e1s, dependiendo de las condiciones t\u00e9cnicas y clim\u00e1ticas, con el objetivo de garantizar la correcta instalaci\u00f3n del recubrimiento deportivo y la durabilidad de la obra.<\/p>\n<p>De manera paralela, indic\u00f3 que ya se encuentran en la etapa final del primer m\u00f3dulo de gradas y que pr\u00f3ximamente iniciar\u00e1n los trabajos del segundo m\u00f3dulo, como parte del complemento de la infraestructura del complejo deportivo.<\/p>\n<p>Finalmente, destac\u00f3 que, por instrucci\u00f3n del presidente municipal Jes\u00fas Valenciano, se mantiene una supervisi\u00f3n constante junto con la empresa contratista, con la meta de concluir la obra hacia finales de 2025 o, en su caso, dejar \u00fanicamente acciones pendientes menores para 2026.<\/p>\n","protected":false},"excerpt":{"rendered":"<p>Los trabajos de construcci\u00f3n de la pista de atletismo contin\u00faan de manera sostenida, inform\u00f3 el director de Obras P\u00fablicas, Alfonso Rodr\u00edguez, al detallar que este d\u00eda se inici\u00f3 con la aplicaci\u00f3n del material tipo tart\u00e1n en una de las medias lunas del circuito deportivo, as\u00ed lo dio a conocer Alfonso Rodr\u00edguez, director de Obras P\u00fablicas. El funcionario explic\u00f3 que esta etapa contempla un proceso t\u00e9cnico que incluye la aplicaci\u00f3n de un qu\u00edmico base, seguido de una capa de material tipo caucho y posteriormente una capa final de protecci\u00f3n y color, que conforma la superficie definitiva de la pista. Se\u00f1al\u00f3 que los trabajos podr\u00edan extenderse entre 15 y 20 d\u00edas m\u00e1s, dependiendo de las condiciones t\u00e9cnicas y clim\u00e1ticas, con el objetivo de garantizar la correcta instalaci\u00f3n del recubrimiento deportivo y la durabilidad de la obra. De manera paralela, indic\u00f3 que ya se encuentran en la etapa final del primer m\u00f3dulo de gradas y que pr\u00f3ximamente iniciar\u00e1n los trabajos del segundo m\u00f3dulo, como parte del complemento de la infraestructura del complejo deportivo. Finalmente, destac\u00f3 que, por instrucci\u00f3n del presidente municipal Jes\u00fas Valenciano, se mantiene una supervisi\u00f3n constante junto con la empresa contratista, con la meta de concluir la obra hacia finales de 2025 o, en su caso, dejar \u00fanicamente acciones pendientes menores para 2026.<\/p>\n","protected":false},"author":2,"featured_media":19313,"comment_status":"open","ping_status":"open","sticky":false,"template":"","format":"standard","meta":{"_monsterinsights_skip_tracking":false,"_monsterinsights_sitenote_active":false,"_monsterinsights_sitenote_note":"","_monsterinsights_sitenote_category":0,"advanced_seo_description":"","jetpack_seo_html_title":"","jetpack_seo_noindex":false,"_jetpack_memberships_contains_paid_content":false,"footnotes":"","jetpack_publicize_message":"","jetpack_publicize_feature_enabled":true,"jetpack_social_post_already_shared":true,"jetpack_social_options":{"image_generator_settings":{"template":"highway","enabled":false},"version":2}},"categories":[135,7,11],"tags":[],"class_list":["post-19312","post","type-post","status-publish","format-standard","has-post-thumbnail","hentry","category-lo-mas-leido","category-local","category-principal"],"jetpack_publicize_connections":[],"jetpack_sharing_enabled":true,"jetpack_featured_media_url":"https:\/\/i0.wp.com\/alcierrenoticias.com\/wp-content\/uploads\/2025\/12\/WhatsApp-Image-2025-12-10-at-9.57.12-AM-1.jpeg?fit=1280%2C720&ssl=1","amp_enabled":true,"_links":{"self":[{"href":"https:\/\/alcierrenoticias.com\/index.php\/wp-json\/wp\/v2\/posts\/19312","targetHints":{"allow":["GET"]}}],"collection":[{"href":"https:\/\/alcierrenoticias.com\/index.php\/wp-json\/wp\/v2\/posts"}],"about":[{"href":"https:\/\/alcierrenoticias.com\/index.php\/wp-json\/wp\/v2\/types\/post"}],"author":[{"embeddable":true,"href":"https:\/\/alcierrenoticias.com\/index.php\/wp-json\/wp\/v2\/users\/2"}],"replies":[{"embeddable":true,"href":"https:\/\/alcierrenoticias.com\/index.php\/wp-json\/wp\/v2\/comments?post=19312"}],"version-history":[{"count":1,"href":"https:\/\/alcierrenoticias.com\/index.php\/wp-json\/wp\/v2\/posts\/19312\/revisions"}],"predecessor-version":[{"id":19314,"href":"https:\/\/alcierrenoticias.com\/index.php\/wp-json\/wp\/v2\/posts\/19312\/revisions\/19314"}],"wp:featuredmedia":[{"embeddable":true,"href":"https:\/\/alcierrenoticias.com\/index.php\/wp-json\/wp\/v2\/media\/19313"}],"wp:attachment":[{"href":"https:\/\/alcierrenoticias.com\/index.php\/wp-json\/wp\/v2\/media?parent=19312"}],"wp:term":[{"taxonomy":"category","embeddable":true,"href":"https:\/\/alcierrenoticias.com\/index.php\/wp-json\/wp\/v2\/categories?post=19312"},{"taxonomy":"post_tag","embeddable":true,"href":"https:\/\/alcierrenoticias.com\/index.php\/wp-json\/wp\/v2\/tags?post=19312"}],"curies":[{"name":"wp","href":"https:\/\/api.w.org\/{rel}","templated":true}]}}