{"id":19301,"date":"2025-12-08T14:30:16","date_gmt":"2025-12-08T20:30:16","guid":{"rendered":"https:\/\/alcierrenoticias.com\/?p=19301"},"modified":"2025-12-09T00:17:06","modified_gmt":"2025-12-09T06:17:06","slug":"llega-la-navidad-a-meoqui-con-el-encendido-del-arbol-ante-mas-de-3-mil-personas","status":"publish","type":"post","link":"https:\/\/alcierrenoticias.com\/index.php\/2025\/12\/08\/llega-la-navidad-a-meoqui-con-el-encendido-del-arbol-ante-mas-de-3-mil-personas\/","title":{"rendered":"Llega la Navidad a Meoqui con el encendido del \u00c1rbol ante m\u00e1s de 3 mil personas."},"content":{"rendered":"<p>\u201cEste \u00e1rbol no es solo un adorno: es un recordatorio de que Meoqui es una gran familia, y cada luz representa la fortaleza y la alegr\u00eda que nos caracterizan\u201d: Miriam Soto<\/p>\n<p>\u201cTodas las luces, el pino y la decoraci\u00f3n son para las familias meoquenses, que disfruten y celebren nuestras tradiciones, este \u00e1rbol no es solo un adorno: es un recordatorio de que Meoqui es una gran familia, y cada luz representa la fortaleza y la alegr\u00eda que nos caracterizan\u201d, as\u00ed lo expres\u00f3 la alcaldesa Miriam Soto, quien encabez\u00f3 el evento del encendido ante la presencia de m\u00e1s de 3 mil meoquenses, quienes tambi\u00e9n disfrutaron de villancicos, presentaciones de baile, dulces, regalos y de la m\u00fasica en vivo por parte del Grupo \u201cLos de la F\u201d.<\/p>\n<p>El encendido del \u00c1rbol dio inicio con una cuenta regresiva desde 10, donde la comunidad, entre aplausos y emoci\u00f3n, con la iluminaci\u00f3n al monumental \u00e1rbol de Navidad y a la decoraci\u00f3n en general de la explanada de Presidencia Municipal. Los encargados de dar cierre a la magn\u00edfica noche fueron el Grupo \u201cLos de la F\u201d, que con su m\u00fasica pusieron a bailar a todos los meoquenses.<\/p>\n<p>La alcaldesa destac\u00f3 su emoci\u00f3n por ver la plaza llena de ni\u00f1as y ni\u00f1os contentos, reunidos para compartir este momento tan emblem\u00e1tico, agradeciendo a las instituciones educativas y al equipo organizador por hacer posible esta noche m\u00e1gica: \u201cGracias a todos los que participaron en el programa y en los preparativos. Que esta Navidad nos encuentre m\u00e1s unidos, m\u00e1s emp\u00e1ticos y m\u00e1s cercanos unos a otros\u201d,<\/p>\n<p>Los asistentes disfrutaron desde las 6 de la tarde con presentaciones musicales y culturales por parte del Grupo BSE, Compa\u00f1\u00eda Folcl\u00f3rica Municipal de Delicias, Ballet Folcl\u00f3rico Lluvia de Plata. Tambi\u00e9n del concurso de coros, donde tuvieron participaci\u00f3n las escuelas: Primaria Cuauht\u00e9moc, Sector Obrero y Escuela Abraham Gonz\u00e1lez, contando tambi\u00e9n con la presencia de la Feria de Emprendedores Produciendo Con Amor, mientras que las ni\u00f1as y ni\u00f1os fueron sorprendidos con la entrega de dulces, pelotas y cupcakes.<\/p>\n","protected":false},"excerpt":{"rendered":"<p>\u201cEste \u00e1rbol no es solo un adorno: es un recordatorio de que Meoqui es una gran familia, y cada luz representa la fortaleza y la alegr\u00eda que nos caracterizan\u201d: Miriam Soto \u201cTodas las luces, el pino y la decoraci\u00f3n son para las familias meoquenses, que disfruten y celebren nuestras tradiciones, este \u00e1rbol no es solo un adorno: es un recordatorio de que Meoqui es una gran familia, y cada luz representa la fortaleza y la alegr\u00eda que nos caracterizan\u201d, as\u00ed lo expres\u00f3 la alcaldesa Miriam Soto, quien encabez\u00f3 el evento del encendido ante la presencia de m\u00e1s de 3 mil meoquenses, quienes tambi\u00e9n disfrutaron de villancicos, presentaciones de baile, dulces, regalos y de la m\u00fasica en vivo por parte del Grupo \u201cLos de la F\u201d. El encendido del \u00c1rbol dio inicio con una cuenta regresiva desde 10, donde la comunidad, entre aplausos y emoci\u00f3n, con la iluminaci\u00f3n al monumental \u00e1rbol de Navidad y a la decoraci\u00f3n en general de la explanada de Presidencia Municipal. Los encargados de dar cierre a la magn\u00edfica noche fueron el Grupo \u201cLos de la F\u201d, que con su m\u00fasica pusieron a bailar a todos los meoquenses. La alcaldesa destac\u00f3 su emoci\u00f3n por ver la plaza llena de ni\u00f1as y ni\u00f1os contentos, reunidos para compartir este momento tan emblem\u00e1tico, agradeciendo a las instituciones educativas y al equipo organizador por hacer posible esta noche m\u00e1gica: \u201cGracias a todos los que participaron en el programa y en los preparativos. Que esta Navidad nos encuentre m\u00e1s unidos, m\u00e1s emp\u00e1ticos y m\u00e1s cercanos unos a otros\u201d, Los asistentes disfrutaron desde las 6 de la tarde con presentaciones musicales y culturales por parte del Grupo BSE, Compa\u00f1\u00eda Folcl\u00f3rica Municipal de Delicias, Ballet Folcl\u00f3rico Lluvia de Plata. Tambi\u00e9n del concurso de coros, donde tuvieron participaci\u00f3n las escuelas: Primaria Cuauht\u00e9moc, Sector Obrero y Escuela Abraham Gonz\u00e1lez, contando tambi\u00e9n con la presencia de la Feria de Emprendedores Produciendo Con Amor, mientras que las ni\u00f1as y ni\u00f1os fueron sorprendidos con la entrega de dulces, pelotas y cupcakes.<\/p>\n","protected":false},"author":2,"featured_media":19302,"comment_status":"open","ping_status":"open","sticky":false,"template":"","format":"standard","meta":{"_monsterinsights_skip_tracking":false,"_monsterinsights_sitenote_active":false,"_monsterinsights_sitenote_note":"","_monsterinsights_sitenote_category":0,"advanced_seo_description":"","jetpack_seo_html_title":"","jetpack_seo_noindex":false,"_jetpack_memberships_contains_paid_content":false,"footnotes":"","jetpack_publicize_message":"","jetpack_publicize_feature_enabled":true,"jetpack_social_post_already_shared":true,"jetpack_social_options":{"image_generator_settings":{"template":"highway","enabled":false},"version":2}},"categories":[135,7,11],"tags":[],"class_list":["post-19301","post","type-post","status-publish","format-standard","has-post-thumbnail","hentry","category-lo-mas-leido","category-local","category-principal"],"jetpack_publicize_connections":[],"jetpack_sharing_enabled":true,"jetpack_featured_media_url":"https:\/\/i0.wp.com\/alcierrenoticias.com\/wp-content\/uploads\/2025\/12\/WhatsApp-Image-2025-12-08-at-2.25.45-PM.jpeg?fit=1600%2C900&ssl=1","amp_enabled":true,"_links":{"self":[{"href":"https:\/\/alcierrenoticias.com\/index.php\/wp-json\/wp\/v2\/posts\/19301","targetHints":{"allow":["GET"]}}],"collection":[{"href":"https:\/\/alcierrenoticias.com\/index.php\/wp-json\/wp\/v2\/posts"}],"about":[{"href":"https:\/\/alcierrenoticias.com\/index.php\/wp-json\/wp\/v2\/types\/post"}],"author":[{"embeddable":true,"href":"https:\/\/alcierrenoticias.com\/index.php\/wp-json\/wp\/v2\/users\/2"}],"replies":[{"embeddable":true,"href":"https:\/\/alcierrenoticias.com\/index.php\/wp-json\/wp\/v2\/comments?post=19301"}],"version-history":[{"count":1,"href":"https:\/\/alcierrenoticias.com\/index.php\/wp-json\/wp\/v2\/posts\/19301\/revisions"}],"predecessor-version":[{"id":19303,"href":"https:\/\/alcierrenoticias.com\/index.php\/wp-json\/wp\/v2\/posts\/19301\/revisions\/19303"}],"wp:featuredmedia":[{"embeddable":true,"href":"https:\/\/alcierrenoticias.com\/index.php\/wp-json\/wp\/v2\/media\/19302"}],"wp:attachment":[{"href":"https:\/\/alcierrenoticias.com\/index.php\/wp-json\/wp\/v2\/media?parent=19301"}],"wp:term":[{"taxonomy":"category","embeddable":true,"href":"https:\/\/alcierrenoticias.com\/index.php\/wp-json\/wp\/v2\/categories?post=19301"},{"taxonomy":"post_tag","embeddable":true,"href":"https:\/\/alcierrenoticias.com\/index.php\/wp-json\/wp\/v2\/tags?post=19301"}],"curies":[{"name":"wp","href":"https:\/\/api.w.org\/{rel}","templated":true}]}}