{"id":19289,"date":"2025-12-07T14:05:40","date_gmt":"2025-12-07T20:05:40","guid":{"rendered":"https:\/\/alcierrenoticias.com\/?p=19289"},"modified":"2025-12-09T00:08:24","modified_gmt":"2025-12-09T06:08:24","slug":"lazaro-cardenas-la-colonia-de-meoqui-que-nacio-para-dar-cobijo-a-los-revolucionarios-hace-91-anos","status":"publish","type":"post","link":"https:\/\/alcierrenoticias.com\/index.php\/2025\/12\/07\/lazaro-cardenas-la-colonia-de-meoqui-que-nacio-para-dar-cobijo-a-los-revolucionarios-hace-91-anos\/","title":{"rendered":"L\u00e1zaro C\u00e1rdenas, la colonia de Meoqui que naci\u00f3 para dar cobijo a los revolucionarios hace 91 a\u00f1os."},"content":{"rendered":"<p>Naci\u00f3 el 3 de diciembre de 1934 bajo el gobierno de L\u00e1zaro C\u00e1rdenas del R\u00edo, como parte de un proyecto agrario para otorgar tierras a los veteranos de la Revoluci\u00f3n<\/p>\n<p>La colonia L\u00e1zaro C\u00e1rdenas festeja su 91 aniversario de fundaci\u00f3n, naciendo el 3 de diciembre de 1934 bajo el gobierno de L\u00e1zaro C\u00e1rdenas del R\u00edo, como parte de un proyecto agrario para otorgar tierras a los veteranos de la Revoluci\u00f3n.<\/p>\n<p>Todas las etapas hist\u00f3ricas de nuestro pa\u00eds de alguna manera han impactado en el municipio de Meoqui, antes San Pablo, y en la etapa de la Revoluci\u00f3n Mexicana por supuesto que hubo sacudidas sociales, no solo a nuestro municipio sino en todo el pa\u00eds y por consecuencia en todo el estado de Chihuahua.<\/p>\n<p>Tal es el caso que, uno de los problemas post revolucionarios fue la necesidad de buscar empleo y vivienda para miles de personas que hab\u00edan participado en la Revoluci\u00f3n Mexicana y uno de los estados con mayor participaci\u00f3n fue sin duda nuestro estado y su famosa Divisi\u00f3n del Norte, comandada por el Gral. Francisco Villa, al grado que se pod\u00eda percibir la necesidad de encontrar tierras y empleos para miles de hombres veteranos de la revoluci\u00f3n y sus familias.<\/p>\n<p>El motivo es que los veteranos de la Revoluci\u00f3n, que sumaban miles en el pa\u00eds, se organizaron y nombraron a un coordinador o l\u00edder de todos los veteranos y descendientes y\/o familiares, en la persona del Coronel Eduardo Ju\u00e1rez Armend\u00e1riz, quien con gusto apoy\u00f3 la causa de los revolucionarios, por ser militar y tambi\u00e9n, debido a sus muy buenas relaciones con el Gral. L\u00e1zaro C\u00e1rdenas del Rio, Presidente de La Rep\u00fablica, para coordinarlos aqu\u00ed en el estado de Chihuahua.<\/p>\n<p>El Coronel Eduardo Ju\u00e1rez, se entreg\u00f3 de lleno a la gesti\u00f3n de terrenos para vivienda, pero tambi\u00e9n para parcelas, ya que no hab\u00eda m\u00e1s alternativa, el pa\u00eds despu\u00e9s de una revoluci\u00f3n no ten\u00eda muchas opciones de empleo, y el proyecto del establecimiento del Distrito de Riego 05 y la construcci\u00f3n de la Presa Francisco I. Madero, ofreci\u00f3 la oportunidad, y se\u00f1al\u00f3 que fue una oportunidad de oro, que la mayor\u00eda de los revolucionarios acepto vivir en L\u00e1zaro C\u00e1rdenas y hacer su patria chica en el municipio de Meoqui, estado de Chihuahua.<\/p>\n<p>El Coronel Eduardo Ju\u00e1rez le presenta al C. Presidente de La Rep\u00fablica Gral. L\u00e1zaro C\u00e1rdenas del Rio, el plan de vivienda y parcelas para atender las demandas de todos los revolucionarios y sus familias que una primera etapa, el plan consist\u00eda en 150 parcelas de 10 hect\u00e1reas para soldados y clases, 100 parcelas de 15 hect\u00e1reas para oficiales y 100 parcelas de 20 hect\u00e1reas para jefes y generales que suman un total de 5 mil hect\u00e1reas para m\u00e1s de 350 ex militares y civiles de origen revolucionario, correspondientes al periodo de 1906 al 5 de febrero de 1917, por ser las primeras etapas de la revoluci\u00f3n mexicana. Este plan fue aceptado por el Gobierno Federal, y por los revolucionarios demandantes.<\/p>\n<p>Posteriormente se lograron varios acuerdos con el Gobierno Federal, uno de ellos la localizaci\u00f3n de las tierras que son donde en este momento est\u00e1n asentados y otros acuerdos para la dotaci\u00f3n de agua potable y para riego; as\u00ed mismo, para el desmonte de las tierras, que a partir del d\u00eda 3 de diciembre de 1934, iniciaron los trabajos y se hizo oficial la fundaci\u00f3n de la Colonia L\u00e1zaro C\u00e1rdenas.<\/p>\n<p>En esa fecha concurrieron autoridades civiles y militares celebrando el inicio de un nuevo centro de poblaci\u00f3n de suma importancia para el municipio de Meoqui, y del Estado de Chihuahua, posteriormente y por origen de la Revoluci\u00f3n, la fecha de celebraci\u00f3n del aniversario se realiza con las fiestas de La Revoluci\u00f3n Mexicana los d\u00edas 20 de noviembre, por ser el origen de los militares veteranos de la Revoluci\u00f3n.<\/p>\n<p>Y determinaron entre todos los miembros de la Asociaci\u00f3n de Veteranos, Militares y sus Descendientes de la Revoluci\u00f3n, ponerle el nombre del Gral. L\u00e1zaro C\u00e1rdenas del R\u00edo, quien fue el impulsor del establecimiento y creaci\u00f3n de esta extraordinaria y nueva comunidad.<\/p>\n<p>Este domingo 7 de diciembre se llevar\u00e1 a cabo la Gran Cabalgata por el 91 aniversario de la fundaci\u00f3n de L\u00e1zaro C\u00e1rdenas, partiendo desde el entronque ubicado en La Regina acompa\u00f1ada por la m\u00fasica de Tambora Baray, que marcar\u00e1 el paso del contingente durante su recorrido hacia la comunidad, asimismo se realizar\u00e1 la ceremonia oficial en la Plaza Principal del seccional, donde tambi\u00e9n se desarrollar\u00e1n festejos abiertos al p\u00fablico, incluyendo actividades familiares y convivencia entre los asistentes.<\/p>\n","protected":false},"excerpt":{"rendered":"<p>Naci\u00f3 el 3 de diciembre de 1934 bajo el gobierno de L\u00e1zaro C\u00e1rdenas del R\u00edo, como parte de un proyecto agrario para otorgar tierras a los veteranos de la Revoluci\u00f3n La colonia L\u00e1zaro C\u00e1rdenas festeja su 91 aniversario de fundaci\u00f3n, naciendo el 3 de diciembre de 1934 bajo el gobierno de L\u00e1zaro C\u00e1rdenas del R\u00edo, como parte de un proyecto agrario para otorgar tierras a los veteranos de la Revoluci\u00f3n. Todas las etapas hist\u00f3ricas de nuestro pa\u00eds de alguna manera han impactado en el municipio de Meoqui, antes San Pablo, y en la etapa de la Revoluci\u00f3n Mexicana por supuesto que hubo sacudidas sociales, no solo a nuestro municipio sino en todo el pa\u00eds y por consecuencia en todo el estado de Chihuahua. Tal es el caso que, uno de los problemas post revolucionarios fue la necesidad de buscar empleo y vivienda para miles de personas que hab\u00edan participado en la Revoluci\u00f3n Mexicana y uno de los estados con mayor participaci\u00f3n fue sin duda nuestro estado y su famosa Divisi\u00f3n del Norte, comandada por el Gral. Francisco Villa, al grado que se pod\u00eda percibir la necesidad de encontrar tierras y empleos para miles de hombres veteranos de la revoluci\u00f3n y sus familias. El motivo es que los veteranos de la Revoluci\u00f3n, que sumaban miles en el pa\u00eds, se organizaron y nombraron a un coordinador o l\u00edder de todos los veteranos y descendientes y\/o familiares, en la persona del Coronel Eduardo Ju\u00e1rez Armend\u00e1riz, quien con gusto apoy\u00f3 la causa de los revolucionarios, por ser militar y tambi\u00e9n, debido a sus muy buenas relaciones con el Gral. L\u00e1zaro C\u00e1rdenas del Rio, Presidente de La Rep\u00fablica, para coordinarlos aqu\u00ed en el estado de Chihuahua. El Coronel Eduardo Ju\u00e1rez, se entreg\u00f3 de lleno a la gesti\u00f3n de terrenos para vivienda, pero tambi\u00e9n para parcelas, ya que no hab\u00eda m\u00e1s alternativa, el pa\u00eds despu\u00e9s de una revoluci\u00f3n no ten\u00eda muchas opciones de empleo, y el proyecto del establecimiento del Distrito de Riego 05 y la construcci\u00f3n de la Presa Francisco I. Madero, ofreci\u00f3 la oportunidad, y se\u00f1al\u00f3 que fue una oportunidad de oro, que la mayor\u00eda de los revolucionarios acepto vivir en L\u00e1zaro C\u00e1rdenas y hacer su patria chica en el municipio de Meoqui, estado de Chihuahua. El Coronel Eduardo Ju\u00e1rez le presenta al C. Presidente de La Rep\u00fablica Gral. L\u00e1zaro C\u00e1rdenas del Rio, el plan de vivienda y parcelas para atender las demandas de todos los revolucionarios y sus familias que una primera etapa, el plan consist\u00eda en 150 parcelas de 10 hect\u00e1reas para soldados y clases, 100 parcelas de 15 hect\u00e1reas para oficiales y 100 parcelas de 20 hect\u00e1reas para jefes y generales que suman un total de 5 mil hect\u00e1reas para m\u00e1s de 350 ex militares y civiles de origen revolucionario, correspondientes al periodo de 1906 al 5 de febrero de 1917, por ser las primeras etapas de la revoluci\u00f3n mexicana. Este plan fue aceptado por el Gobierno Federal, y por los revolucionarios demandantes. Posteriormente se lograron varios acuerdos con el Gobierno Federal, uno de ellos la localizaci\u00f3n de las tierras que son donde en este momento est\u00e1n asentados y otros acuerdos para la dotaci\u00f3n de agua potable y para riego; as\u00ed mismo, para el desmonte de las tierras, que a partir del d\u00eda 3 de diciembre de 1934, iniciaron los trabajos y se hizo oficial la fundaci\u00f3n de la Colonia L\u00e1zaro C\u00e1rdenas. En esa fecha concurrieron autoridades civiles y militares celebrando el inicio de un nuevo centro de poblaci\u00f3n de suma importancia para el municipio de Meoqui, y del Estado de Chihuahua, posteriormente y por origen de la Revoluci\u00f3n, la fecha de celebraci\u00f3n del aniversario se realiza con las fiestas de La Revoluci\u00f3n Mexicana los d\u00edas 20 de noviembre, por ser el origen de los militares veteranos de la Revoluci\u00f3n. Y determinaron entre todos los miembros de la Asociaci\u00f3n de Veteranos, Militares y sus Descendientes de la Revoluci\u00f3n, ponerle el nombre del Gral. L\u00e1zaro C\u00e1rdenas del R\u00edo, quien fue el impulsor del establecimiento y creaci\u00f3n de esta extraordinaria y nueva comunidad. Este domingo 7 de diciembre se llevar\u00e1 a cabo la Gran Cabalgata por el 91 aniversario de la fundaci\u00f3n de L\u00e1zaro C\u00e1rdenas, partiendo desde el entronque ubicado en La Regina acompa\u00f1ada por la m\u00fasica de Tambora Baray, que marcar\u00e1 el paso del contingente durante su recorrido hacia la comunidad, asimismo se realizar\u00e1 la ceremonia oficial en la Plaza Principal del seccional, donde tambi\u00e9n se desarrollar\u00e1n festejos abiertos al p\u00fablico, incluyendo actividades familiares y convivencia entre los asistentes.<\/p>\n","protected":false},"author":2,"featured_media":19290,"comment_status":"open","ping_status":"open","sticky":false,"template":"","format":"standard","meta":{"_monsterinsights_skip_tracking":false,"_monsterinsights_sitenote_active":false,"_monsterinsights_sitenote_note":"","_monsterinsights_sitenote_category":0,"advanced_seo_description":"","jetpack_seo_html_title":"","jetpack_seo_noindex":false,"_jetpack_memberships_contains_paid_content":false,"footnotes":"","jetpack_publicize_message":"","jetpack_publicize_feature_enabled":true,"jetpack_social_post_already_shared":true,"jetpack_social_options":{"image_generator_settings":{"template":"highway","enabled":false},"version":2}},"categories":[135,7,11],"tags":[],"class_list":["post-19289","post","type-post","status-publish","format-standard","has-post-thumbnail","hentry","category-lo-mas-leido","category-local","category-principal"],"jetpack_publicize_connections":[],"jetpack_sharing_enabled":true,"jetpack_featured_media_url":"https:\/\/i0.wp.com\/alcierrenoticias.com\/wp-content\/uploads\/2025\/12\/WhatsApp-Image-2025-12-07-at-1.38.14-PM.jpeg?fit=1280%2C853&ssl=1","amp_enabled":true,"_links":{"self":[{"href":"https:\/\/alcierrenoticias.com\/index.php\/wp-json\/wp\/v2\/posts\/19289","targetHints":{"allow":["GET"]}}],"collection":[{"href":"https:\/\/alcierrenoticias.com\/index.php\/wp-json\/wp\/v2\/posts"}],"about":[{"href":"https:\/\/alcierrenoticias.com\/index.php\/wp-json\/wp\/v2\/types\/post"}],"author":[{"embeddable":true,"href":"https:\/\/alcierrenoticias.com\/index.php\/wp-json\/wp\/v2\/users\/2"}],"replies":[{"embeddable":true,"href":"https:\/\/alcierrenoticias.com\/index.php\/wp-json\/wp\/v2\/comments?post=19289"}],"version-history":[{"count":2,"href":"https:\/\/alcierrenoticias.com\/index.php\/wp-json\/wp\/v2\/posts\/19289\/revisions"}],"predecessor-version":[{"id":19292,"href":"https:\/\/alcierrenoticias.com\/index.php\/wp-json\/wp\/v2\/posts\/19289\/revisions\/19292"}],"wp:featuredmedia":[{"embeddable":true,"href":"https:\/\/alcierrenoticias.com\/index.php\/wp-json\/wp\/v2\/media\/19290"}],"wp:attachment":[{"href":"https:\/\/alcierrenoticias.com\/index.php\/wp-json\/wp\/v2\/media?parent=19289"}],"wp:term":[{"taxonomy":"category","embeddable":true,"href":"https:\/\/alcierrenoticias.com\/index.php\/wp-json\/wp\/v2\/categories?post=19289"},{"taxonomy":"post_tag","embeddable":true,"href":"https:\/\/alcierrenoticias.com\/index.php\/wp-json\/wp\/v2\/tags?post=19289"}],"curies":[{"name":"wp","href":"https:\/\/api.w.org\/{rel}","templated":true}]}}