{"id":19285,"date":"2025-12-06T19:08:58","date_gmt":"2025-12-07T01:08:58","guid":{"rendered":"https:\/\/alcierrenoticias.com\/?p=19285"},"modified":"2025-12-09T00:05:22","modified_gmt":"2025-12-09T06:05:22","slug":"llegara-homenaje-a-carlos-santana-sinfonico-a-meoqui-en-apoyo-a-casa-hogar-creser","status":"publish","type":"post","link":"https:\/\/alcierrenoticias.com\/index.php\/2025\/12\/06\/llegara-homenaje-a-carlos-santana-sinfonico-a-meoqui-en-apoyo-a-casa-hogar-creser\/","title":{"rendered":"Llegar\u00e1 Homenaje a Carlos Santana Sinf\u00f3nico a Meoqui en apoyo a Casa Hogar Creser."},"content":{"rendered":"<p>La Orquesta Infantil y Juvenil de Delicias presentar\u00e1 este tributo el 16 de diciembre a las 8 de la noche en el Teatro Filiberto Ram\u00edrez<\/p>\n<p>Este pr\u00f3ximo 16 de diciembre a las 8 de la noche en el Teatro Filiberto Ram\u00edrez, el DIF Municipal de Meoqui, en coordinaci\u00f3n con La Orquesta Infantil y Juvenil de Delicias, llevar\u00e1n a cabo un Homenaje Sinf\u00f3nico a Carlos Santana, donde los asistentes podr\u00e1n disfrutar de \u00e9xitos como \u201cOye Como Va\u201d \u201cBlack Magic Woman\u201d, \u201cSamba Pa Ti\u201d, entre otras, el cual tendr\u00e1 un costo de 100 pesos, todo esto en apoyo a la Casa Hogar Ceser.<\/p>\n<p>\u201cInvitamos a las personas a que acudan a este bonito concierto y apoyen a la Casita Hogar Crecer. Con su asistencia estar\u00e1n contribuyendo a la formaci\u00f3n y desarrollo de los ni\u00f1os y ni\u00f1as que ah\u00ed se atienden\u201d, se\u00f1al\u00f3 Luis Valles, director del DIF Municipal.<\/p>\n<p>Finalmente, el director explic\u00f3 que la cuota de recuperaci\u00f3n ser\u00e1 de \u00fanicamente 100 pesos, monto que ser\u00e1 destinado completamente a la casa hogar, la cual ofrece acompa\u00f1amiento escolar, atenci\u00f3n personal y diversas herramientas para el desarrollo integral de sus residentes.<\/p>\n","protected":false},"excerpt":{"rendered":"<p>La Orquesta Infantil y Juvenil de Delicias presentar\u00e1 este tributo el 16 de diciembre a las 8 de la noche en el Teatro Filiberto Ram\u00edrez Este pr\u00f3ximo 16 de diciembre a las 8 de la noche en el Teatro Filiberto Ram\u00edrez, el DIF Municipal de Meoqui, en coordinaci\u00f3n con La Orquesta Infantil y Juvenil de Delicias, llevar\u00e1n a cabo un Homenaje Sinf\u00f3nico a Carlos Santana, donde los asistentes podr\u00e1n disfrutar de \u00e9xitos como \u201cOye Como Va\u201d \u201cBlack Magic Woman\u201d, \u201cSamba Pa Ti\u201d, entre otras, el cual tendr\u00e1 un costo de 100 pesos, todo esto en apoyo a la Casa Hogar Ceser. \u201cInvitamos a las personas a que acudan a este bonito concierto y apoyen a la Casita Hogar Crecer. Con su asistencia estar\u00e1n contribuyendo a la formaci\u00f3n y desarrollo de los ni\u00f1os y ni\u00f1as que ah\u00ed se atienden\u201d, se\u00f1al\u00f3 Luis Valles, director del DIF Municipal. Finalmente, el director explic\u00f3 que la cuota de recuperaci\u00f3n ser\u00e1 de \u00fanicamente 100 pesos, monto que ser\u00e1 destinado completamente a la casa hogar, la cual ofrece acompa\u00f1amiento escolar, atenci\u00f3n personal y diversas herramientas para el desarrollo integral de sus residentes.<\/p>\n","protected":false},"author":2,"featured_media":19286,"comment_status":"open","ping_status":"open","sticky":false,"template":"","format":"standard","meta":{"_monsterinsights_skip_tracking":false,"_monsterinsights_sitenote_active":false,"_monsterinsights_sitenote_note":"","_monsterinsights_sitenote_category":0,"advanced_seo_description":"","jetpack_seo_html_title":"","jetpack_seo_noindex":false,"_jetpack_memberships_contains_paid_content":false,"footnotes":"","jetpack_publicize_message":"","jetpack_publicize_feature_enabled":true,"jetpack_social_post_already_shared":true,"jetpack_social_options":{"image_generator_settings":{"template":"highway","enabled":false},"version":2}},"categories":[135,7,11],"tags":[],"class_list":["post-19285","post","type-post","status-publish","format-standard","has-post-thumbnail","hentry","category-lo-mas-leido","category-local","category-principal"],"jetpack_publicize_connections":[],"jetpack_sharing_enabled":true,"jetpack_featured_media_url":"https:\/\/i0.wp.com\/alcierrenoticias.com\/wp-content\/uploads\/2025\/12\/WhatsApp-Image-2025-12-06-at-6.46.19-PM-e1765260316299.jpeg?fit=400%2C518&ssl=1","amp_enabled":true,"_links":{"self":[{"href":"https:\/\/alcierrenoticias.com\/index.php\/wp-json\/wp\/v2\/posts\/19285","targetHints":{"allow":["GET"]}}],"collection":[{"href":"https:\/\/alcierrenoticias.com\/index.php\/wp-json\/wp\/v2\/posts"}],"about":[{"href":"https:\/\/alcierrenoticias.com\/index.php\/wp-json\/wp\/v2\/types\/post"}],"author":[{"embeddable":true,"href":"https:\/\/alcierrenoticias.com\/index.php\/wp-json\/wp\/v2\/users\/2"}],"replies":[{"embeddable":true,"href":"https:\/\/alcierrenoticias.com\/index.php\/wp-json\/wp\/v2\/comments?post=19285"}],"version-history":[{"count":1,"href":"https:\/\/alcierrenoticias.com\/index.php\/wp-json\/wp\/v2\/posts\/19285\/revisions"}],"predecessor-version":[{"id":19287,"href":"https:\/\/alcierrenoticias.com\/index.php\/wp-json\/wp\/v2\/posts\/19285\/revisions\/19287"}],"wp:featuredmedia":[{"embeddable":true,"href":"https:\/\/alcierrenoticias.com\/index.php\/wp-json\/wp\/v2\/media\/19286"}],"wp:attachment":[{"href":"https:\/\/alcierrenoticias.com\/index.php\/wp-json\/wp\/v2\/media?parent=19285"}],"wp:term":[{"taxonomy":"category","embeddable":true,"href":"https:\/\/alcierrenoticias.com\/index.php\/wp-json\/wp\/v2\/categories?post=19285"},{"taxonomy":"post_tag","embeddable":true,"href":"https:\/\/alcierrenoticias.com\/index.php\/wp-json\/wp\/v2\/tags?post=19285"}],"curies":[{"name":"wp","href":"https:\/\/api.w.org\/{rel}","templated":true}]}}