{"id":19281,"date":"2025-12-06T08:41:51","date_gmt":"2025-12-06T14:41:51","guid":{"rendered":"https:\/\/alcierrenoticias.com\/?p=19281"},"modified":"2025-12-08T18:44:02","modified_gmt":"2025-12-09T00:44:02","slug":"imparte-gobierno-municipal-platicas-de-salud-mental-en-la-empresa-lear-de-meoqui","status":"publish","type":"post","link":"https:\/\/alcierrenoticias.com\/index.php\/2025\/12\/06\/imparte-gobierno-municipal-platicas-de-salud-mental-en-la-empresa-lear-de-meoqui\/","title":{"rendered":"Imparte Gobierno Municipal pl\u00e1ticas de salud mental en la empresa LEAR de Meoqui."},"content":{"rendered":"<p>Las actividades forman parte de la estrategia municipal de prevenci\u00f3n y bienestar emocional<\/p>\n<p>El Gobierno Municipal de Meoqui, a trav\u00e9s de la Instancia Municipal de Atenci\u00f3n a la Mujer, contin\u00faa fortaleciendo las acciones de prevenci\u00f3n y bienestar emocional con la impartici\u00f3n de pl\u00e1ticas y talleres en instituciones educativas y centros laborales del municipio, en esta ocasi\u00f3n con el tema de Salud Mental en la empresa LEAR.<\/p>\n<p>La directora de la Instancia, Cuquis Silva, inform\u00f3 que fue el pasado jueves cuando estuvieron presentes en la empresa LEAR, impartiendo pl\u00e1ticas de salud mental a empleados de diferentes \u00e1reas. Estas sesiones estar\u00e1n a cargo de la psic\u00f3loga del departamento, quien cuenta con la preparaci\u00f3n profesional para abordar temas de autocuidado emocional, prevenci\u00f3n de violencia y manejo de emociones.<\/p>\n<p>\u201cComo lo ha mencionado nuestra alcaldesa, todos los temas de salud son importantes, y la salud mental no es la excepci\u00f3n. As\u00ed como acudimos al m\u00e9dico cuando algo nos duele f\u00edsicamente, tambi\u00e9n debemos buscar apoyo cuando nuestras emociones lo requieren\u201d, agreg\u00f3.<\/p>\n<p>La directora explic\u00f3 que estas acciones forman parte de la encomienda de la alcaldesa Miriam Soto, quien ha instruido mantener una atenci\u00f3n cercana y continua hacia toda la poblaci\u00f3n, especialmente en temas de bienestar emocional.<\/p>\n<p>\u201cA veces los padres no pueden asistir a las escuelas por sus horarios de trabajo, por sus responsabilidades en casa o porque incluso tienen dos empleos. Por eso estamos acudiendo tambi\u00e9n a las empresas, porque ah\u00ed est\u00e1n los pap\u00e1s de nuestros adolescentes\u201d, finaliz\u00f3.<\/p>\n","protected":false},"excerpt":{"rendered":"<p>Las actividades forman parte de la estrategia municipal de prevenci\u00f3n y bienestar emocional El Gobierno Municipal de Meoqui, a trav\u00e9s de la Instancia Municipal de Atenci\u00f3n a la Mujer, contin\u00faa fortaleciendo las acciones de prevenci\u00f3n y bienestar emocional con la impartici\u00f3n de pl\u00e1ticas y talleres en instituciones educativas y centros laborales del municipio, en esta ocasi\u00f3n con el tema de Salud Mental en la empresa LEAR. La directora de la Instancia, Cuquis Silva, inform\u00f3 que fue el pasado jueves cuando estuvieron presentes en la empresa LEAR, impartiendo pl\u00e1ticas de salud mental a empleados de diferentes \u00e1reas. Estas sesiones estar\u00e1n a cargo de la psic\u00f3loga del departamento, quien cuenta con la preparaci\u00f3n profesional para abordar temas de autocuidado emocional, prevenci\u00f3n de violencia y manejo de emociones. \u201cComo lo ha mencionado nuestra alcaldesa, todos los temas de salud son importantes, y la salud mental no es la excepci\u00f3n. As\u00ed como acudimos al m\u00e9dico cuando algo nos duele f\u00edsicamente, tambi\u00e9n debemos buscar apoyo cuando nuestras emociones lo requieren\u201d, agreg\u00f3. La directora explic\u00f3 que estas acciones forman parte de la encomienda de la alcaldesa Miriam Soto, quien ha instruido mantener una atenci\u00f3n cercana y continua hacia toda la poblaci\u00f3n, especialmente en temas de bienestar emocional. \u201cA veces los padres no pueden asistir a las escuelas por sus horarios de trabajo, por sus responsabilidades en casa o porque incluso tienen dos empleos. Por eso estamos acudiendo tambi\u00e9n a las empresas, porque ah\u00ed est\u00e1n los pap\u00e1s de nuestros adolescentes\u201d, finaliz\u00f3.<\/p>\n","protected":false},"author":2,"featured_media":19282,"comment_status":"open","ping_status":"open","sticky":false,"template":"","format":"standard","meta":{"_monsterinsights_skip_tracking":false,"_monsterinsights_sitenote_active":false,"_monsterinsights_sitenote_note":"","_monsterinsights_sitenote_category":0,"advanced_seo_description":"","jetpack_seo_html_title":"","jetpack_seo_noindex":false,"_jetpack_memberships_contains_paid_content":false,"footnotes":"","jetpack_publicize_message":"","jetpack_publicize_feature_enabled":true,"jetpack_social_post_already_shared":true,"jetpack_social_options":{"image_generator_settings":{"template":"highway","enabled":false},"version":2}},"categories":[135,7,11],"tags":[],"class_list":["post-19281","post","type-post","status-publish","format-standard","has-post-thumbnail","hentry","category-lo-mas-leido","category-local","category-principal"],"jetpack_publicize_connections":[],"jetpack_sharing_enabled":true,"jetpack_featured_media_url":"https:\/\/i0.wp.com\/alcierrenoticias.com\/wp-content\/uploads\/2025\/12\/WhatsApp-Image-2025-12-06-at-8.37.40-AM.jpeg?fit=1280%2C853&ssl=1","amp_enabled":true,"_links":{"self":[{"href":"https:\/\/alcierrenoticias.com\/index.php\/wp-json\/wp\/v2\/posts\/19281","targetHints":{"allow":["GET"]}}],"collection":[{"href":"https:\/\/alcierrenoticias.com\/index.php\/wp-json\/wp\/v2\/posts"}],"about":[{"href":"https:\/\/alcierrenoticias.com\/index.php\/wp-json\/wp\/v2\/types\/post"}],"author":[{"embeddable":true,"href":"https:\/\/alcierrenoticias.com\/index.php\/wp-json\/wp\/v2\/users\/2"}],"replies":[{"embeddable":true,"href":"https:\/\/alcierrenoticias.com\/index.php\/wp-json\/wp\/v2\/comments?post=19281"}],"version-history":[{"count":1,"href":"https:\/\/alcierrenoticias.com\/index.php\/wp-json\/wp\/v2\/posts\/19281\/revisions"}],"predecessor-version":[{"id":19283,"href":"https:\/\/alcierrenoticias.com\/index.php\/wp-json\/wp\/v2\/posts\/19281\/revisions\/19283"}],"wp:featuredmedia":[{"embeddable":true,"href":"https:\/\/alcierrenoticias.com\/index.php\/wp-json\/wp\/v2\/media\/19282"}],"wp:attachment":[{"href":"https:\/\/alcierrenoticias.com\/index.php\/wp-json\/wp\/v2\/media?parent=19281"}],"wp:term":[{"taxonomy":"category","embeddable":true,"href":"https:\/\/alcierrenoticias.com\/index.php\/wp-json\/wp\/v2\/categories?post=19281"},{"taxonomy":"post_tag","embeddable":true,"href":"https:\/\/alcierrenoticias.com\/index.php\/wp-json\/wp\/v2\/tags?post=19281"}],"curies":[{"name":"wp","href":"https:\/\/api.w.org\/{rel}","templated":true}]}}