{"id":19277,"date":"2025-12-06T08:39:18","date_gmt":"2025-12-06T14:39:18","guid":{"rendered":"https:\/\/alcierrenoticias.com\/?p=19277"},"modified":"2025-12-08T18:41:37","modified_gmt":"2025-12-09T00:41:37","slug":"se-realiza-en-meoqui-la-segunda-sesion-del-consejo-consultivo-territorial-de-ordenamiento-territorial-metropolitano","status":"publish","type":"post","link":"https:\/\/alcierrenoticias.com\/index.php\/2025\/12\/06\/se-realiza-en-meoqui-la-segunda-sesion-del-consejo-consultivo-territorial-de-ordenamiento-territorial-metropolitano\/","title":{"rendered":"Se realiza en Meoqui la Segunda Sesi\u00f3n del Consejo Consultivo Territorial de Ordenamiento Territorial Metropolitano."},"content":{"rendered":"<p>Se present\u00f3 una actualizaci\u00f3n del Plan Estatal de Ordenamiento Territorial y Desarrollo Urbano<\/p>\n<p>El municipio de Meoqui fue sede de la Segunda Sesi\u00f3n del Consejo Consultivo Territorial de Ordenamiento Territorial y Desarrollo Urbano de la Zona Metropolitana Delicias\u2013Meoqui\u2013Rosales, en un encuentro que reuni\u00f3 a representantes de los tres \u00f3rdenes de gobierno, alcaldes de la regi\u00f3n, c\u00e1maras empresariales y colegios de profesionistas.<\/p>\n<p>\u201cEn esta segunda sesi\u00f3n abordamos temas fundamentales como la vida interna del consejo, ajustes a su reglamento y la presentaci\u00f3n de las disposiciones del Plan Estatal de Ordenamiento Territorial y Desarrollo Urbano, recientemente concluido. Este instrumento no hab\u00eda sido actualizado desde hace 27 a\u00f1os, y hoy representa una base s\u00f3lida para impulsar estrategias de desarrollo, econom\u00eda, turismo y soluciones a rezagos detectados en la regi\u00f3n\u201d, expres\u00f3 el Secretario de Desarrollo Urbano y Ecolog\u00eda del Estado, Gabriel Valdez.<\/p>\n<p>Durante la sesi\u00f3n, destac\u00f3 la importancia de este \u00f3rgano colegiado, encargado de emitir opiniones y dar seguimiento a las acciones de ordenamiento territorial en esta zona metropolitana estrat\u00e9gica del Centro-Sur de Chihuahua, adem\u00e1s se\u00f1al\u00f3 que el consejo debe sesionar al menos dos veces al a\u00f1o y reiter\u00f3 la importancia de mantener la coordinaci\u00f3n entre municipios, gobierno estatal e instancias federales, tal como se dio en esta sesi\u00f3n con participaci\u00f3n presencial y virtual de autoridades.<\/p>\n<p>\u201cEste instrumento jur\u00eddico es una gu\u00eda real, construida a partir de foros y reuniones donde se escucharon las problem\u00e1ticas de cada regi\u00f3n. Hoy contamos con un documento que orienta a quienes estamos en el gobierno y a quienes vendr\u00e1n despu\u00e9s, brindando un eje rector para el crecimiento ordenado del estado\u201d, expres\u00f3 Miriam Soto, alcaldesa de Meoqui.<\/p>\n<p>\u201cEs un gusto recibirlos en Meoqui. Agradezco a nuestra gobernadora Maru Campos por esta visi\u00f3n de ordenar el estado y al secretario Gabriel Valdez por su cercan\u00eda con los municipios para impulsar un instrumento jur\u00eddico que ordene el crecimiento del estado\u201d, finaliz\u00f3.<\/p>\n","protected":false},"excerpt":{"rendered":"<p>Se present\u00f3 una actualizaci\u00f3n del Plan Estatal de Ordenamiento Territorial y Desarrollo Urbano El municipio de Meoqui fue sede de la Segunda Sesi\u00f3n del Consejo Consultivo Territorial de Ordenamiento Territorial y Desarrollo Urbano de la Zona Metropolitana Delicias\u2013Meoqui\u2013Rosales, en un encuentro que reuni\u00f3 a representantes de los tres \u00f3rdenes de gobierno, alcaldes de la regi\u00f3n, c\u00e1maras empresariales y colegios de profesionistas. \u201cEn esta segunda sesi\u00f3n abordamos temas fundamentales como la vida interna del consejo, ajustes a su reglamento y la presentaci\u00f3n de las disposiciones del Plan Estatal de Ordenamiento Territorial y Desarrollo Urbano, recientemente concluido. Este instrumento no hab\u00eda sido actualizado desde hace 27 a\u00f1os, y hoy representa una base s\u00f3lida para impulsar estrategias de desarrollo, econom\u00eda, turismo y soluciones a rezagos detectados en la regi\u00f3n\u201d, expres\u00f3 el Secretario de Desarrollo Urbano y Ecolog\u00eda del Estado, Gabriel Valdez. Durante la sesi\u00f3n, destac\u00f3 la importancia de este \u00f3rgano colegiado, encargado de emitir opiniones y dar seguimiento a las acciones de ordenamiento territorial en esta zona metropolitana estrat\u00e9gica del Centro-Sur de Chihuahua, adem\u00e1s se\u00f1al\u00f3 que el consejo debe sesionar al menos dos veces al a\u00f1o y reiter\u00f3 la importancia de mantener la coordinaci\u00f3n entre municipios, gobierno estatal e instancias federales, tal como se dio en esta sesi\u00f3n con participaci\u00f3n presencial y virtual de autoridades. \u201cEste instrumento jur\u00eddico es una gu\u00eda real, construida a partir de foros y reuniones donde se escucharon las problem\u00e1ticas de cada regi\u00f3n. Hoy contamos con un documento que orienta a quienes estamos en el gobierno y a quienes vendr\u00e1n despu\u00e9s, brindando un eje rector para el crecimiento ordenado del estado\u201d, expres\u00f3 Miriam Soto, alcaldesa de Meoqui. \u201cEs un gusto recibirlos en Meoqui. Agradezco a nuestra gobernadora Maru Campos por esta visi\u00f3n de ordenar el estado y al secretario Gabriel Valdez por su cercan\u00eda con los municipios para impulsar un instrumento jur\u00eddico que ordene el crecimiento del estado\u201d, finaliz\u00f3.<\/p>\n","protected":false},"author":2,"featured_media":19278,"comment_status":"open","ping_status":"open","sticky":false,"template":"","format":"standard","meta":{"_monsterinsights_skip_tracking":false,"_monsterinsights_sitenote_active":false,"_monsterinsights_sitenote_note":"","_monsterinsights_sitenote_category":0,"advanced_seo_description":"","jetpack_seo_html_title":"","jetpack_seo_noindex":false,"_jetpack_memberships_contains_paid_content":false,"footnotes":"","jetpack_publicize_message":"","jetpack_publicize_feature_enabled":true,"jetpack_social_post_already_shared":true,"jetpack_social_options":{"image_generator_settings":{"template":"highway","enabled":false},"version":2}},"categories":[135,7,11],"tags":[],"class_list":["post-19277","post","type-post","status-publish","format-standard","has-post-thumbnail","hentry","category-lo-mas-leido","category-local","category-principal"],"jetpack_publicize_connections":[],"jetpack_sharing_enabled":true,"jetpack_featured_media_url":"https:\/\/i0.wp.com\/alcierrenoticias.com\/wp-content\/uploads\/2025\/12\/WhatsApp-Image-2025-12-06-at-8.37.39-AM-1.jpeg?fit=1280%2C963&ssl=1","amp_enabled":true,"_links":{"self":[{"href":"https:\/\/alcierrenoticias.com\/index.php\/wp-json\/wp\/v2\/posts\/19277","targetHints":{"allow":["GET"]}}],"collection":[{"href":"https:\/\/alcierrenoticias.com\/index.php\/wp-json\/wp\/v2\/posts"}],"about":[{"href":"https:\/\/alcierrenoticias.com\/index.php\/wp-json\/wp\/v2\/types\/post"}],"author":[{"embeddable":true,"href":"https:\/\/alcierrenoticias.com\/index.php\/wp-json\/wp\/v2\/users\/2"}],"replies":[{"embeddable":true,"href":"https:\/\/alcierrenoticias.com\/index.php\/wp-json\/wp\/v2\/comments?post=19277"}],"version-history":[{"count":2,"href":"https:\/\/alcierrenoticias.com\/index.php\/wp-json\/wp\/v2\/posts\/19277\/revisions"}],"predecessor-version":[{"id":19280,"href":"https:\/\/alcierrenoticias.com\/index.php\/wp-json\/wp\/v2\/posts\/19277\/revisions\/19280"}],"wp:featuredmedia":[{"embeddable":true,"href":"https:\/\/alcierrenoticias.com\/index.php\/wp-json\/wp\/v2\/media\/19278"}],"wp:attachment":[{"href":"https:\/\/alcierrenoticias.com\/index.php\/wp-json\/wp\/v2\/media?parent=19277"}],"wp:term":[{"taxonomy":"category","embeddable":true,"href":"https:\/\/alcierrenoticias.com\/index.php\/wp-json\/wp\/v2\/categories?post=19277"},{"taxonomy":"post_tag","embeddable":true,"href":"https:\/\/alcierrenoticias.com\/index.php\/wp-json\/wp\/v2\/tags?post=19277"}],"curies":[{"name":"wp","href":"https:\/\/api.w.org\/{rel}","templated":true}]}}